{"id":15427,"date":"2025-11-12T09:00:00","date_gmt":"2025-11-12T12:00:00","guid":{"rendered":"https:\/\/fia.com.br\/graduacao\/?p=15427"},"modified":"2025-10-31T12:08:44","modified_gmt":"2025-10-31T15:08:44","slug":"educacao-empreendedora-qual-a-importancia-e-os-pilares","status":"publish","type":"post","link":"https:\/\/fia.com.br\/graduacao\/blog\/educacao-empreendedora-qual-a-importancia-e-os-pilares\/","title":{"rendered":"Educa\u00e7\u00e3o Empreendedora: Qual a Import\u00e2ncia e Os Pilares"},"content":{"rendered":"\n<p>A educa\u00e7\u00e3o empreendedora vai muito al\u00e9m de ensinar a abrir um neg\u00f3cio. Trata-se de uma abordagem de ensino que busca formar pessoas capazes de pensar de forma criativa, tomar decis\u00f5es estrat\u00e9gicas e gerar um impacto positivo na sociedade e nas organiza\u00e7\u00f5es. \u00c9 sobre desenvolver uma mentalidade proativa, pronta para identificar oportunidades e transform\u00e1-las em realidade, seja criando uma startup ou inovando dentro de uma grande corpora\u00e7\u00e3o. Leia o artigo e entenda o assunto!<\/p>\n\n\n\n<h2 class=\"wp-block-heading\"><strong>O que \u00e9 educa\u00e7\u00e3o empreendedora e por que ela \u00e9 importante<\/strong><\/h2>\n\n\n\n<p>A educa\u00e7\u00e3o empreendedora \u00e9 um conjunto de pr\u00e1ticas e m\u00e9todos de ensino que estimulam compet\u00eancias como autonomia, pensamento cr\u00edtico e criatividade. Diferente do ensino tradicional, seu foco est\u00e1 em preparar o estudante para ser um agente de transforma\u00e7\u00e3o.&nbsp;<\/p>\n\n\n\n<p>Em um mercado de trabalho cada vez mais competitivo, as empresas n\u00e3o buscam apenas profissionais com bom conhecimento t\u00e9cnico; elas valorizam cada vez mais aqueles com perfil empreendedor, que demonstram iniciativa e sabem como liderar projetos, mesmo em cargos de gest\u00e3o. Desenvolver essas<a href=\"https:\/\/fia.com.br\/graduacao\/blog\/competencias-e-habilidades\/\"> compet\u00eancias e habilidades<\/a> desde cedo \u00e9 um diferencial decisivo para a carreira.<\/p>\n\n\n\n<h2 class=\"wp-block-heading\"><strong>Quais s\u00e3o os principais pilares da educa\u00e7\u00e3o empreendedora<\/strong><\/h2>\n\n\n\n<p>Para estudantes de Administra\u00e7\u00e3o, os pilares da educa\u00e7\u00e3o empreendedora s\u00e3o aplicados para formar l\u00edderes completos e preparados para qualquer desafio. Conhe\u00e7a os principais:<\/p>\n\n\n\n<h3 class=\"wp-block-heading\"><strong>Autoconhecimento e lideran\u00e7a<\/strong><\/h3>\n\n\n\n<p>O primeiro passo para empreender \u00e9 entender seus pr\u00f3prios pontos fortes e fracos. A educa\u00e7\u00e3o empreendedora estimula o aluno a se conhecer melhor para liderar com prop\u00f3sito, inspirando equipes e gerenciando projetos com mais seguran\u00e7a. Essa base \u00e9 fundamental para quem sonha em se tornar um grande l\u00edder e at\u00e9 mesmo para<a href=\"https:\/\/fia.com.br\/graduacao\/blog\/como-ser-um-ceo-confira-os-passos-importantes-para-chegar-la\/\"> saber como ser um CEO<\/a>.<\/p>\n\n\n\n<h3 class=\"wp-block-heading\"><strong>Inova\u00e7\u00e3o e criatividade<\/strong><\/h3>\n\n\n\n<p>Este pilar foca em desenvolver a capacidade de pensar &#8220;fora da caixa&#8221;. Em vez de apenas seguir o que j\u00e1 existe, o aluno \u00e9 incentivado a propor solu\u00e7\u00f5es originais para problemas complexos e a enxergar oportunidades onde ningu\u00e9m mais v\u00ea. \u00c9 essa mentalidade que est\u00e1 por tr\u00e1s do sucesso de uma<a href=\"https:\/\/fia.com.br\/graduacao\/blog\/startup-unicornio-como-seguir-o-exemplo-do-sucesso\/\"> startup unic\u00f3rnio<\/a>.<\/p>\n\n\n\n<h3 class=\"wp-block-heading\"><strong>Tomada de decis\u00e3o e resili\u00eancia<\/strong><\/h3>\n\n\n\n<p>Empreender envolve riscos, e saber como tomar decis\u00f5es com confian\u00e7a \u00e9 crucial. Mais do que isso, \u00e9 preciso aprender com os erros e seguir em frente, caracter\u00edstica conhecida como resili\u00eancia. Essa habilidade transforma desafios em oportunidades de crescimento.<\/p>\n\n\n\n<h3 class=\"wp-block-heading\"><strong>Trabalho colaborativo<\/strong><\/h3>\n\n\n\n<p>Ningu\u00e9m constr\u00f3i algo grandioso sozinho. Por isso, a capacidade de desenvolver projetos em equipe, colaborar com diferentes perfis de pessoas e se comunicar de forma clara \u00e9 essencial. A educa\u00e7\u00e3o empreendedora fomenta um ambiente onde a colabora\u00e7\u00e3o \u00e9 a chave para o sucesso.<\/p>\n\n\n\n<h2 class=\"wp-block-heading\"><strong>Como a faculdade pode estimular o esp\u00edrito empreendedor?<\/strong><\/h2>\n\n\n\n<p>A faculdade, especialmente um curso de Administra\u00e7\u00e3o e Neg\u00f3cios, \u00e9 o ambiente perfeito para experimentar ideias e desenvolver o protagonismo. \u00c9 nesse espa\u00e7o que o aluno tem contato com professores experientes, participa de projetos pr\u00e1ticos e pode construir uma valiosa rede de contatos. Institui\u00e7\u00f5es como a FIA Business School, com sua forte conex\u00e3o com o mercado e corpo docente de excel\u00eancia, oferecem as ferramentas ideais para que o esp\u00edrito empreendedor flores\u00e7a e se transforme em uma carreira de sucesso.<\/p>\n\n\n\n<p>Agora que voc\u00ea entendeu a import\u00e2ncia da educa\u00e7\u00e3o empreendedora, que tal descobrir mais sobre \u00e1reas promissoras? Confira nosso artigo sobre<a href=\"https:\/\/fia.com.br\/graduacao\/blog\/como-trabalhar-no-mercado-financeiro-qual-faculdade-fazer\/\"> como trabalhar no mercado financeiro e qual faculdade fazer<\/a>!<\/p>\n\n\n\n<p><\/p>\n","protected":false},"excerpt":{"rendered":"<p>A educa\u00e7\u00e3o empreendedora vai muito al\u00e9m de abrir um neg\u00f3cio, ela forma pessoas criativas, resilientes e preparadas para inovar. Neste artigo, voc\u00ea vai entender sua import\u00e2ncia no desenvolvimento pessoal e profissional.<\/p>\n","protected":false},"author":6,"featured_media":15428,"comment_status":"open","ping_status":"open","sticky":false,"template":"","format":"standard","meta":{"_acf_changed":false,"footnotes":""},"categories":[9,7],"tags":[],"class_list":["post-15427","post","type-post","status-publish","format-standard","has-post-thumbnail","hentry","category-educacao","category-empreendedorismo"],"acf":[],"yoast_head":"<!-- This site is optimized with the Yoast SEO plugin v23.5 - https:\/\/yoast.com\/wordpress\/plugins\/seo\/ -->\n<title>Educa\u00e7\u00e3o Empreendedora: Qual a Import\u00e2ncia e Os Pilares<\/title>\n<meta name=\"description\" content=\"Entenda a import\u00e2ncia da educa\u00e7\u00e3o empreendedora e conhe\u00e7a os pilares que formam profissionais inovadores e proativos.\" \/>\n<meta name=\"robots\" content=\"index, follow, max-snippet:-1, max-image-preview:large, max-video-preview:-1\" \/>\n<link rel=\"canonical\" href=\"https:\/\/fia.com.br\/graduacao\/blog\/educacao-empreendedora-qual-a-importancia-e-os-pilares\/\" \/>\n<meta property=\"og:locale\" content=\"pt_BR\" \/>\n<meta property=\"og:type\" content=\"article\" \/>\n<meta property=\"og:title\" content=\"Educa\u00e7\u00e3o Empreendedora: Qual a Import\u00e2ncia e Os Pilares\" \/>\n<meta property=\"og:description\" content=\"Entenda a import\u00e2ncia da educa\u00e7\u00e3o empreendedora e conhe\u00e7a os pilares que formam profissionais inovadores e proativos.\" \/>\n<meta property=\"og:url\" content=\"https:\/\/fia.com.br\/graduacao\/blog\/educacao-empreendedora-qual-a-importancia-e-os-pilares\/\" \/>\n<meta property=\"og:site_name\" content=\"Gradua\u00e7\u00e3o\" \/>\n<meta property=\"article:published_time\" content=\"2025-11-12T12:00:00+00:00\" \/>\n<meta property=\"article:modified_time\" content=\"2025-10-31T15:08:44+00:00\" \/>\n<meta property=\"og:image\" content=\"https:\/\/fia.com.br\/graduacao\/wp-content\/uploads\/sites\/6\/2025\/10\/2148911836.jpg\" \/>\n\t<meta property=\"og:image:width\" content=\"1000\" \/>\n\t<meta property=\"og:image:height\" content=\"667\" \/>\n\t<meta property=\"og:image:type\" content=\"image\/jpeg\" \/>\n<meta name=\"author\" content=\"FIA\" \/>\n<meta name=\"twitter:card\" content=\"summary_large_image\" \/>\n<meta name=\"twitter:label1\" content=\"Escrito por\" \/>\n\t<meta name=\"twitter:data1\" content=\"FIA\" \/>\n\t<meta name=\"twitter:label2\" content=\"Est. tempo de leitura\" \/>\n\t<meta name=\"twitter:data2\" content=\"4 minutos\" \/>\n<script type=\"application\/ld+json\" class=\"yoast-schema-graph\">{\"@context\":\"https:\/\/schema.org\",\"@graph\":[{\"@type\":\"WebPage\",\"@id\":\"https:\/\/fia.com.br\/graduacao\/blog\/educacao-empreendedora-qual-a-importancia-e-os-pilares\/\",\"url\":\"https:\/\/fia.com.br\/graduacao\/blog\/educacao-empreendedora-qual-a-importancia-e-os-pilares\/\",\"name\":\"Educa\u00e7\u00e3o Empreendedora: Qual a Import\u00e2ncia e Os Pilares\",\"isPartOf\":{\"@id\":\"https:\/\/fia.com.br\/graduacao\/#website\"},\"primaryImageOfPage\":{\"@id\":\"https:\/\/fia.com.br\/graduacao\/blog\/educacao-empreendedora-qual-a-importancia-e-os-pilares\/#primaryimage\"},\"image\":{\"@id\":\"https:\/\/fia.com.br\/graduacao\/blog\/educacao-empreendedora-qual-a-importancia-e-os-pilares\/#primaryimage\"},\"thumbnailUrl\":\"https:\/\/fia.com.br\/graduacao\/wp-content\/uploads\/sites\/6\/2025\/10\/2148911836.jpg\",\"datePublished\":\"2025-11-12T12:00:00+00:00\",\"dateModified\":\"2025-10-31T15:08:44+00:00\",\"author\":{\"@id\":\"https:\/\/fia.com.br\/graduacao\/#\/schema\/person\/09d96b732802edb5307e35f3aca6f31b\"},\"description\":\"Entenda a import\u00e2ncia da educa\u00e7\u00e3o empreendedora e conhe\u00e7a os pilares que formam profissionais inovadores e proativos.\",\"breadcrumb\":{\"@id\":\"https:\/\/fia.com.br\/graduacao\/blog\/educacao-empreendedora-qual-a-importancia-e-os-pilares\/#breadcrumb\"},\"inLanguage\":\"pt-BR\",\"potentialAction\":[{\"@type\":\"ReadAction\",\"target\":[\"https:\/\/fia.com.br\/graduacao\/blog\/educacao-empreendedora-qual-a-importancia-e-os-pilares\/\"]}]},{\"@type\":\"ImageObject\",\"inLanguage\":\"pt-BR\",\"@id\":\"https:\/\/fia.com.br\/graduacao\/blog\/educacao-empreendedora-qual-a-importancia-e-os-pilares\/#primaryimage\",\"url\":\"https:\/\/fia.com.br\/graduacao\/wp-content\/uploads\/sites\/6\/2025\/10\/2148911836.jpg\",\"contentUrl\":\"https:\/\/fia.com.br\/graduacao\/wp-content\/uploads\/sites\/6\/2025\/10\/2148911836.jpg\",\"width\":1000,\"height\":667,\"caption\":\"Educa\u00e7\u00e3o Empreendedora: Qual a Import\u00e2ncia e Os Pilares\"},{\"@type\":\"BreadcrumbList\",\"@id\":\"https:\/\/fia.com.br\/graduacao\/blog\/educacao-empreendedora-qual-a-importancia-e-os-pilares\/#breadcrumb\",\"itemListElement\":[{\"@type\":\"ListItem\",\"position\":1,\"name\":\"In\u00edcio\",\"item\":\"https:\/\/fia.com.br\/graduacao\/\"},{\"@type\":\"ListItem\",\"position\":2,\"name\":\"Educa\u00e7\u00e3o Empreendedora: Qual a Import\u00e2ncia e Os Pilares\"}]},{\"@type\":\"WebSite\",\"@id\":\"https:\/\/fia.com.br\/graduacao\/#website\",\"url\":\"https:\/\/fia.com.br\/graduacao\/\",\"name\":\"FIA\",\"description\":\"FIA - Funda\u00e7\u00e3o Instituto de Administra\u00e7\u00e3o\",\"potentialAction\":[{\"@type\":\"SearchAction\",\"target\":{\"@type\":\"EntryPoint\",\"urlTemplate\":\"https:\/\/fia.com.br\/graduacao\/?s={search_term_string}\"},\"query-input\":{\"@type\":\"PropertyValueSpecification\",\"valueRequired\":true,\"valueName\":\"search_term_string\"}}],\"inLanguage\":\"pt-BR\"},{\"@type\":\"Person\",\"@id\":\"https:\/\/fia.com.br\/graduacao\/#\/schema\/person\/09d96b732802edb5307e35f3aca6f31b\",\"name\":\"FIA\",\"image\":{\"@type\":\"ImageObject\",\"inLanguage\":\"pt-BR\",\"@id\":\"https:\/\/fia.com.br\/graduacao\/#\/schema\/person\/image\/\",\"url\":\"https:\/\/secure.gravatar.com\/avatar\/b51150cc482a9fcb93d232c2a66e1f1c4dd3300ea21b8e732bfb1a73f707b6de?s=96&d=mm&r=g\",\"contentUrl\":\"https:\/\/secure.gravatar.com\/avatar\/b51150cc482a9fcb93d232c2a66e1f1c4dd3300ea21b8e732bfb1a73f707b6de?s=96&d=mm&r=g\",\"caption\":\"FIA\"},\"description\":\"Com um olhar sempre no futuro, desenvolvemos e disseminamos conhecimentos de teorias e m\u00e9todos de Administra\u00e7\u00e3o de Empresas, aperfei\u00e7oando o desempenho das institui\u00e7\u00f5es brasileiras atrav\u00e9s de tr\u00eas linhas b\u00e1sicas de atividade: Educa\u00e7\u00e3o Executiva, Pesquisa e Consultoria.\",\"url\":\"https:\/\/fia.com.br\/graduacao\/blog\/author\/fia\/\"}]}<\/script>\n<!-- \/ Yoast SEO plugin. -->","yoast_head_json":{"title":"Educa\u00e7\u00e3o Empreendedora: Qual a Import\u00e2ncia e Os Pilares","description":"Entenda a import\u00e2ncia da educa\u00e7\u00e3o empreendedora e conhe\u00e7a os pilares que formam profissionais inovadores e proativos.","robots":{"index":"index","follow":"follow","max-snippet":"max-snippet:-1","max-image-preview":"max-image-preview:large","max-video-preview":"max-video-preview:-1"},"canonical":"https:\/\/fia.com.br\/graduacao\/blog\/educacao-empreendedora-qual-a-importancia-e-os-pilares\/","og_locale":"pt_BR","og_type":"article","og_title":"Educa\u00e7\u00e3o Empreendedora: Qual a Import\u00e2ncia e Os Pilares","og_description":"Entenda a import\u00e2ncia da educa\u00e7\u00e3o empreendedora e conhe\u00e7a os pilares que formam profissionais inovadores e proativos.","og_url":"https:\/\/fia.com.br\/graduacao\/blog\/educacao-empreendedora-qual-a-importancia-e-os-pilares\/","og_site_name":"Gradua\u00e7\u00e3o","article_published_time":"2025-11-12T12:00:00+00:00","article_modified_time":"2025-10-31T15:08:44+00:00","og_image":[{"width":1000,"height":667,"url":"https:\/\/fia.com.br\/graduacao\/wp-content\/uploads\/sites\/6\/2025\/10\/2148911836.jpg","type":"image\/jpeg"}],"author":"FIA","twitter_card":"summary_large_image","twitter_misc":{"Escrito por":"FIA","Est. tempo de leitura":"4 minutos"},"schema":{"@context":"https:\/\/schema.org","@graph":[{"@type":"WebPage","@id":"https:\/\/fia.com.br\/graduacao\/blog\/educacao-empreendedora-qual-a-importancia-e-os-pilares\/","url":"https:\/\/fia.com.br\/graduacao\/blog\/educacao-empreendedora-qual-a-importancia-e-os-pilares\/","name":"Educa\u00e7\u00e3o Empreendedora: Qual a Import\u00e2ncia e Os Pilares","isPartOf":{"@id":"https:\/\/fia.com.br\/graduacao\/#website"},"primaryImageOfPage":{"@id":"https:\/\/fia.com.br\/graduacao\/blog\/educacao-empreendedora-qual-a-importancia-e-os-pilares\/#primaryimage"},"image":{"@id":"https:\/\/fia.com.br\/graduacao\/blog\/educacao-empreendedora-qual-a-importancia-e-os-pilares\/#primaryimage"},"thumbnailUrl":"https:\/\/fia.com.br\/graduacao\/wp-content\/uploads\/sites\/6\/2025\/10\/2148911836.jpg","datePublished":"2025-11-12T12:00:00+00:00","dateModified":"2025-10-31T15:08:44+00:00","author":{"@id":"https:\/\/fia.com.br\/graduacao\/#\/schema\/person\/09d96b732802edb5307e35f3aca6f31b"},"description":"Entenda a import\u00e2ncia da educa\u00e7\u00e3o empreendedora e conhe\u00e7a os pilares que formam profissionais inovadores e proativos.","breadcrumb":{"@id":"https:\/\/fia.com.br\/graduacao\/blog\/educacao-empreendedora-qual-a-importancia-e-os-pilares\/#breadcrumb"},"inLanguage":"pt-BR","potentialAction":[{"@type":"ReadAction","target":["https:\/\/fia.com.br\/graduacao\/blog\/educacao-empreendedora-qual-a-importancia-e-os-pilares\/"]}]},{"@type":"ImageObject","inLanguage":"pt-BR","@id":"https:\/\/fia.com.br\/graduacao\/blog\/educacao-empreendedora-qual-a-importancia-e-os-pilares\/#primaryimage","url":"https:\/\/fia.com.br\/graduacao\/wp-content\/uploads\/sites\/6\/2025\/10\/2148911836.jpg","contentUrl":"https:\/\/fia.com.br\/graduacao\/wp-content\/uploads\/sites\/6\/2025\/10\/2148911836.jpg","width":1000,"height":667,"caption":"Educa\u00e7\u00e3o Empreendedora: Qual a Import\u00e2ncia e Os Pilares"},{"@type":"BreadcrumbList","@id":"https:\/\/fia.com.br\/graduacao\/blog\/educacao-empreendedora-qual-a-importancia-e-os-pilares\/#breadcrumb","itemListElement":[{"@type":"ListItem","position":1,"name":"In\u00edcio","item":"https:\/\/fia.com.br\/graduacao\/"},{"@type":"ListItem","position":2,"name":"Educa\u00e7\u00e3o Empreendedora: Qual a Import\u00e2ncia e Os Pilares"}]},{"@type":"WebSite","@id":"https:\/\/fia.com.br\/graduacao\/#website","url":"https:\/\/fia.com.br\/graduacao\/","name":"FIA","description":"FIA - Funda\u00e7\u00e3o Instituto de Administra\u00e7\u00e3o","potentialAction":[{"@type":"SearchAction","target":{"@type":"EntryPoint","urlTemplate":"https:\/\/fia.com.br\/graduacao\/?s={search_term_string}"},"query-input":{"@type":"PropertyValueSpecification","valueRequired":true,"valueName":"search_term_string"}}],"inLanguage":"pt-BR"},{"@type":"Person","@id":"https:\/\/fia.com.br\/graduacao\/#\/schema\/person\/09d96b732802edb5307e35f3aca6f31b","name":"FIA","image":{"@type":"ImageObject","inLanguage":"pt-BR","@id":"https:\/\/fia.com.br\/graduacao\/#\/schema\/person\/image\/","url":"https:\/\/secure.gravatar.com\/avatar\/b51150cc482a9fcb93d232c2a66e1f1c4dd3300ea21b8e732bfb1a73f707b6de?s=96&d=mm&r=g","contentUrl":"https:\/\/secure.gravatar.com\/avatar\/b51150cc482a9fcb93d232c2a66e1f1c4dd3300ea21b8e732bfb1a73f707b6de?s=96&d=mm&r=g","caption":"FIA"},"description":"Com um olhar sempre no futuro, desenvolvemos e disseminamos conhecimentos de teorias e m\u00e9todos de Administra\u00e7\u00e3o de Empresas, aperfei\u00e7oando o desempenho das institui\u00e7\u00f5es brasileiras atrav\u00e9s de tr\u00eas linhas b\u00e1sicas de atividade: Educa\u00e7\u00e3o Executiva, Pesquisa e Consultoria.","url":"https:\/\/fia.com.br\/graduacao\/blog\/author\/fia\/"}]}},"_links":{"self":[{"href":"https:\/\/fia.com.br\/graduacao\/wp-json\/wp\/v2\/posts\/15427","targetHints":{"allow":["GET"]}}],"collection":[{"href":"https:\/\/fia.com.br\/graduacao\/wp-json\/wp\/v2\/posts"}],"about":[{"href":"https:\/\/fia.com.br\/graduacao\/wp-json\/wp\/v2\/types\/post"}],"author":[{"embeddable":true,"href":"https:\/\/fia.com.br\/graduacao\/wp-json\/wp\/v2\/users\/6"}],"replies":[{"embeddable":true,"href":"https:\/\/fia.com.br\/graduacao\/wp-json\/wp\/v2\/comments?post=15427"}],"version-history":[{"count":0,"href":"https:\/\/fia.com.br\/graduacao\/wp-json\/wp\/v2\/posts\/15427\/revisions"}],"wp:featuredmedia":[{"embeddable":true,"href":"https:\/\/fia.com.br\/graduacao\/wp-json\/wp\/v2\/media\/15428"}],"wp:attachment":[{"href":"https:\/\/fia.com.br\/graduacao\/wp-json\/wp\/v2\/media?parent=15427"}],"wp:term":[{"taxonomy":"category","embeddable":true,"href":"https:\/\/fia.com.br\/graduacao\/wp-json\/wp\/v2\/categories?post=15427"},{"taxonomy":"post_tag","embeddable":true,"href":"https:\/\/fia.com.br\/graduacao\/wp-json\/wp\/v2\/tags?post=15427"}],"curies":[{"name":"wp","href":"https:\/\/api.w.org\/{rel}","templated":true}]}}