{"id":15380,"date":"2025-09-10T09:00:00","date_gmt":"2025-09-10T12:00:00","guid":{"rendered":"https:\/\/fia.com.br\/graduacao\/?p=15380"},"modified":"2025-12-10T14:34:48","modified_gmt":"2025-12-10T17:34:48","slug":"como-alcancar-o-protagonismo-no-trabalho","status":"publish","type":"post","link":"https:\/\/fia.com.br\/graduacao\/blog\/como-alcancar-o-protagonismo-no-trabalho\/","title":{"rendered":"Como Alcan\u00e7ar o Protagonismo No Trabalho?"},"content":{"rendered":"\n<p>Muitos jovens se preparam para escolher uma faculdade ou carreira sem perceber que esse \u00e9 o momento ideal para assumir o controle da pr\u00f3pria trajet\u00f3ria profissional. O protagonismo no trabalho n\u00e3o come\u00e7a apenas quando voc\u00ea conquista seu primeiro emprego \u2013 ele pode ser desenvolvido desde j\u00e1, mesmo antes de entrar no mercado. Adotar uma postura protagonista durante essa fase de decis\u00f5es \u00e9 fundamental para construir uma carreira de sucesso e reconhecimento.<\/p>\n\n\n\n<p>Leia este artigo para entender mais sobre o assunto e conferir dicas de como se destacar na pr\u00f3pria carreira.<\/p>\n\n\n\n<h2 class=\"wp-block-heading\"><strong>Escolhas conscientes para alcan\u00e7ar o protagonismo no trabalho<\/strong><\/h2>\n\n\n\n<p>O primeiro passo para desenvolver o protagonismo profissional est\u00e1 em fazer escolhas conscientes e bem informadas. Isso significa ir al\u00e9m das expectativas dos outros e realmente entender o que o mercado oferece.<\/p>\n\n\n\n<p>\u00c9 essencial se informar profundamente sobre cursos, profiss\u00f5es e tend\u00eancias do mercado. Pesquise, por exemplo, sobre as<a href=\"https:\/\/fia.com.br\/graduacao\/blog\/profissoes-do-futuro-2\/\"> profiss\u00f5es do futuro<\/a> e entenda como diferentes \u00e1reas podem se alinhar com seus objetivos. Compreenda tamb\u00e9m <strong><a href=\"https:\/\/fia.com.br\/blog\/mba-o-que-e-tipos-quanto-tempo-dura-e-quem-pode-fazer\/\">o que \u00e9 MBA<\/a><\/strong> e como a especiliaza\u00e7\u00e3o pode ajud\u00e1-lo a planejar uma trajet\u00f3ria mais estrat\u00e9gica, com foco em lideran\u00e7a e crescimento a longo prazo.<\/p>\n\n\n\n<p>Reflita sobre seus verdadeiros interesses, habilidades naturais e valores pessoais. Pergunte-se: o que realmente me motiva? Quais problemas gostaria de resolver? Que tipo de impacto quero causar no mundo? O protagonismo no trabalho surge quando h\u00e1 alinhamento entre quem voc\u00ea \u00e9 e o que faz profissionalmente.<\/p>\n\n\n\n<p>Lembre-se: come\u00e7ar com inten\u00e7\u00e3o e prop\u00f3sito, mesmo sem ter todas as respostas, j\u00e1 demonstra uma postura protagonista que ser\u00e1 valorizada ao longo de toda sua carreira.<\/p>\n\n\n\n<h2 class=\"wp-block-heading\"><strong>Como construir o protagonismo no trabalho muito antes do primeiro emprego<\/strong><\/h2>\n\n\n\n<p>O protagonismo profissional pode ser desenvolvido atrav\u00e9s de atitudes simples durante a escola, cursos extracurriculares, projetos pessoais ou trabalhos volunt\u00e1rios. Seja proativo: busque aprender al\u00e9m do que \u00e9 obrigat\u00f3rio, participe de grupos de estudo, lidere pequenos projetos e tome iniciativas.<\/p>\n\n\n\n<p>Desenvolva suas<a href=\"https:\/\/fia.com.br\/graduacao\/blog\/a-importancia-de-desenvolver-soft-skills-na-faculdade\/\"> soft skills<\/a> desde cedo. Habilidades como comunica\u00e7\u00e3o eficaz, responsabilidade, trabalho em equipe e capacidade de resolver problemas s\u00e3o fundamentais para quem deseja assumir o protagonismo no trabalho.<\/p>\n\n\n\n<p>Participe de competi\u00e7\u00f5es acad\u00eamicas, projetos de extens\u00e3o, eventos da \u00e1rea e oportunidades de <a href=\"https:\/\/fia.com.br\/graduacao\/blog\/networking-na-faculdade-a-importancia-e-como-fazer\/\">networking na faculdade<\/a>. Cada experi\u00eancia contribui para formar um perfil diferenciado e preparado para os desafios profissionais.<\/p>\n\n\n\n<h2 class=\"wp-block-heading\"><strong>A import\u00e2ncia da escolha da faculdade para o protagonismo no trabalho<\/strong><\/h2>\n\n\n\n<p>A escolha de uma institui\u00e7\u00e3o de ensino superior de qualidade \u00e9 determinante para desenvolver o protagonismo profissional. Uma boa faculdade oferece n\u00e3o apenas conhecimento te\u00f3rico s\u00f3lido, mas tamb\u00e9m a aplica\u00e7\u00e3o pr\u00e1tica desse conhecimento em situa\u00e7\u00f5es reais.<\/p>\n\n\n\n<p>Busque institui\u00e7\u00f5es que proporcionem networking de qualidade, corpo docente altamente qualificado, metodologias inovadoras que conectem teoria e pr\u00e1tica, e oportunidades de internacionaliza\u00e7\u00e3o. Esses diferenciais s\u00e3o fundamentais para formar profissionais protagonistas, capazes de fazer a diferen\u00e7a no mercado de trabalho.<\/p>\n\n\n\n<p>O ambiente acad\u00eamico ideal deve oferecer acolhimento personalizado, proximidade com professores e experi\u00eancias que preparem verdadeiramente para os desafios do mundo corporativo.<\/p>\n\n\n\n<p>Agora que voc\u00ea entende como desenvolver o protagonismo no trabalho desde cedo, descubra<a href=\"https:\/\/fia.com.br\/graduacao\/blog\/faculdade-em-sao-paulo-por-que-escolher-a-graduacao-da-fia\/\"> como escolher uma faculdade em S\u00e3o Paulo<\/a>, conhecendo a gradua\u00e7\u00e3o da FIA Business School.&nbsp;<\/p>\n","protected":false},"excerpt":{"rendered":"<p>O protagonismo no trabalho depende de escolhas conscientes e bem informadas, e essa constru\u00e7\u00e3o come\u00e7a muito antes do primeiro emprego. Leia o artigo e entenda mais sobre o assunto. <\/p>\n","protected":false},"author":6,"featured_media":15381,"comment_status":"open","ping_status":"open","sticky":false,"template":"","format":"standard","meta":{"_acf_changed":false,"footnotes":""},"categories":[8,9],"tags":[],"class_list":["post-15380","post","type-post","status-publish","format-standard","has-post-thumbnail","hentry","category-carreira","category-educacao"],"acf":[],"yoast_head":"<!-- This site is optimized with the Yoast SEO plugin v23.5 - https:\/\/yoast.com\/wordpress\/plugins\/seo\/ -->\n<title>Como Alcan\u00e7ar o Protagonismo No Trabalho?<\/title>\n<meta name=\"description\" content=\"A constru\u00e7\u00e3o do protagonismo no trabalho come\u00e7a muito antes do primeiro emprego. Leia o artigo e entenda mais sobre isso!\" \/>\n<meta name=\"robots\" content=\"index, follow, max-snippet:-1, max-image-preview:large, max-video-preview:-1\" \/>\n<link rel=\"canonical\" href=\"https:\/\/fia.com.br\/graduacao\/blog\/como-alcancar-o-protagonismo-no-trabalho\/\" \/>\n<meta property=\"og:locale\" content=\"pt_BR\" \/>\n<meta property=\"og:type\" content=\"article\" \/>\n<meta property=\"og:title\" content=\"Como Alcan\u00e7ar o Protagonismo No Trabalho?\" \/>\n<meta property=\"og:description\" content=\"A constru\u00e7\u00e3o do protagonismo no trabalho come\u00e7a muito antes do primeiro emprego. Leia o artigo e entenda mais sobre isso!\" \/>\n<meta property=\"og:url\" content=\"https:\/\/fia.com.br\/graduacao\/blog\/como-alcancar-o-protagonismo-no-trabalho\/\" \/>\n<meta property=\"og:site_name\" content=\"Gradua\u00e7\u00e3o\" \/>\n<meta property=\"article:published_time\" content=\"2025-09-10T12:00:00+00:00\" \/>\n<meta property=\"article:modified_time\" content=\"2025-12-10T17:34:48+00:00\" \/>\n<meta property=\"og:image\" content=\"https:\/\/fia.com.br\/graduacao\/wp-content\/uploads\/sites\/6\/2025\/09\/como-alcancar-o-protagonismo-no-trabalho.png\" \/>\n\t<meta property=\"og:image:width\" content=\"512\" \/>\n\t<meta property=\"og:image:height\" content=\"280\" \/>\n\t<meta property=\"og:image:type\" content=\"image\/png\" \/>\n<meta name=\"author\" content=\"FIA\" \/>\n<meta name=\"twitter:card\" content=\"summary_large_image\" \/>\n<meta name=\"twitter:label1\" content=\"Escrito por\" \/>\n\t<meta name=\"twitter:data1\" content=\"FIA\" \/>\n\t<meta name=\"twitter:label2\" content=\"Est. tempo de leitura\" \/>\n\t<meta name=\"twitter:data2\" content=\"3 minutos\" \/>\n<script type=\"application\/ld+json\" class=\"yoast-schema-graph\">{\"@context\":\"https:\/\/schema.org\",\"@graph\":[{\"@type\":\"WebPage\",\"@id\":\"https:\/\/fia.com.br\/graduacao\/blog\/como-alcancar-o-protagonismo-no-trabalho\/\",\"url\":\"https:\/\/fia.com.br\/graduacao\/blog\/como-alcancar-o-protagonismo-no-trabalho\/\",\"name\":\"Como Alcan\u00e7ar o Protagonismo No Trabalho?\",\"isPartOf\":{\"@id\":\"https:\/\/fia.com.br\/graduacao\/#website\"},\"primaryImageOfPage\":{\"@id\":\"https:\/\/fia.com.br\/graduacao\/blog\/como-alcancar-o-protagonismo-no-trabalho\/#primaryimage\"},\"image\":{\"@id\":\"https:\/\/fia.com.br\/graduacao\/blog\/como-alcancar-o-protagonismo-no-trabalho\/#primaryimage\"},\"thumbnailUrl\":\"https:\/\/fia.com.br\/graduacao\/wp-content\/uploads\/sites\/6\/2025\/09\/como-alcancar-o-protagonismo-no-trabalho.png\",\"datePublished\":\"2025-09-10T12:00:00+00:00\",\"dateModified\":\"2025-12-10T17:34:48+00:00\",\"author\":{\"@id\":\"https:\/\/fia.com.br\/graduacao\/#\/schema\/person\/09d96b732802edb5307e35f3aca6f31b\"},\"description\":\"A constru\u00e7\u00e3o do protagonismo no trabalho come\u00e7a muito antes do primeiro emprego. Leia o artigo e entenda mais sobre isso!\",\"breadcrumb\":{\"@id\":\"https:\/\/fia.com.br\/graduacao\/blog\/como-alcancar-o-protagonismo-no-trabalho\/#breadcrumb\"},\"inLanguage\":\"pt-BR\",\"potentialAction\":[{\"@type\":\"ReadAction\",\"target\":[\"https:\/\/fia.com.br\/graduacao\/blog\/como-alcancar-o-protagonismo-no-trabalho\/\"]}]},{\"@type\":\"ImageObject\",\"inLanguage\":\"pt-BR\",\"@id\":\"https:\/\/fia.com.br\/graduacao\/blog\/como-alcancar-o-protagonismo-no-trabalho\/#primaryimage\",\"url\":\"https:\/\/fia.com.br\/graduacao\/wp-content\/uploads\/sites\/6\/2025\/09\/como-alcancar-o-protagonismo-no-trabalho.png\",\"contentUrl\":\"https:\/\/fia.com.br\/graduacao\/wp-content\/uploads\/sites\/6\/2025\/09\/como-alcancar-o-protagonismo-no-trabalho.png\",\"width\":512,\"height\":280,\"caption\":\"Como Alcan\u00e7ar o Protagonismo No Trabalho?\"},{\"@type\":\"BreadcrumbList\",\"@id\":\"https:\/\/fia.com.br\/graduacao\/blog\/como-alcancar-o-protagonismo-no-trabalho\/#breadcrumb\",\"itemListElement\":[{\"@type\":\"ListItem\",\"position\":1,\"name\":\"In\u00edcio\",\"item\":\"https:\/\/fia.com.br\/graduacao\/\"},{\"@type\":\"ListItem\",\"position\":2,\"name\":\"Como Alcan\u00e7ar o Protagonismo No Trabalho?\"}]},{\"@type\":\"WebSite\",\"@id\":\"https:\/\/fia.com.br\/graduacao\/#website\",\"url\":\"https:\/\/fia.com.br\/graduacao\/\",\"name\":\"FIA\",\"description\":\"FIA - Funda\u00e7\u00e3o Instituto de Administra\u00e7\u00e3o\",\"potentialAction\":[{\"@type\":\"SearchAction\",\"target\":{\"@type\":\"EntryPoint\",\"urlTemplate\":\"https:\/\/fia.com.br\/graduacao\/?s={search_term_string}\"},\"query-input\":{\"@type\":\"PropertyValueSpecification\",\"valueRequired\":true,\"valueName\":\"search_term_string\"}}],\"inLanguage\":\"pt-BR\"},{\"@type\":\"Person\",\"@id\":\"https:\/\/fia.com.br\/graduacao\/#\/schema\/person\/09d96b732802edb5307e35f3aca6f31b\",\"name\":\"FIA\",\"image\":{\"@type\":\"ImageObject\",\"inLanguage\":\"pt-BR\",\"@id\":\"https:\/\/fia.com.br\/graduacao\/#\/schema\/person\/image\/\",\"url\":\"https:\/\/secure.gravatar.com\/avatar\/b51150cc482a9fcb93d232c2a66e1f1c4dd3300ea21b8e732bfb1a73f707b6de?s=96&d=mm&r=g\",\"contentUrl\":\"https:\/\/secure.gravatar.com\/avatar\/b51150cc482a9fcb93d232c2a66e1f1c4dd3300ea21b8e732bfb1a73f707b6de?s=96&d=mm&r=g\",\"caption\":\"FIA\"},\"description\":\"Com um olhar sempre no futuro, desenvolvemos e disseminamos conhecimentos de teorias e m\u00e9todos de Administra\u00e7\u00e3o de Empresas, aperfei\u00e7oando o desempenho das institui\u00e7\u00f5es brasileiras atrav\u00e9s de tr\u00eas linhas b\u00e1sicas de atividade: Educa\u00e7\u00e3o Executiva, Pesquisa e Consultoria.\",\"url\":\"https:\/\/fia.com.br\/graduacao\/blog\/author\/fia\/\"}]}<\/script>\n<!-- \/ Yoast SEO plugin. -->","yoast_head_json":{"title":"Como Alcan\u00e7ar o Protagonismo No Trabalho?","description":"A constru\u00e7\u00e3o do protagonismo no trabalho come\u00e7a muito antes do primeiro emprego. Leia o artigo e entenda mais sobre isso!","robots":{"index":"index","follow":"follow","max-snippet":"max-snippet:-1","max-image-preview":"max-image-preview:large","max-video-preview":"max-video-preview:-1"},"canonical":"https:\/\/fia.com.br\/graduacao\/blog\/como-alcancar-o-protagonismo-no-trabalho\/","og_locale":"pt_BR","og_type":"article","og_title":"Como Alcan\u00e7ar o Protagonismo No Trabalho?","og_description":"A constru\u00e7\u00e3o do protagonismo no trabalho come\u00e7a muito antes do primeiro emprego. Leia o artigo e entenda mais sobre isso!","og_url":"https:\/\/fia.com.br\/graduacao\/blog\/como-alcancar-o-protagonismo-no-trabalho\/","og_site_name":"Gradua\u00e7\u00e3o","article_published_time":"2025-09-10T12:00:00+00:00","article_modified_time":"2025-12-10T17:34:48+00:00","og_image":[{"width":512,"height":280,"url":"https:\/\/fia.com.br\/graduacao\/wp-content\/uploads\/sites\/6\/2025\/09\/como-alcancar-o-protagonismo-no-trabalho.png","type":"image\/png"}],"author":"FIA","twitter_card":"summary_large_image","twitter_misc":{"Escrito por":"FIA","Est. tempo de leitura":"3 minutos"},"schema":{"@context":"https:\/\/schema.org","@graph":[{"@type":"WebPage","@id":"https:\/\/fia.com.br\/graduacao\/blog\/como-alcancar-o-protagonismo-no-trabalho\/","url":"https:\/\/fia.com.br\/graduacao\/blog\/como-alcancar-o-protagonismo-no-trabalho\/","name":"Como Alcan\u00e7ar o Protagonismo No Trabalho?","isPartOf":{"@id":"https:\/\/fia.com.br\/graduacao\/#website"},"primaryImageOfPage":{"@id":"https:\/\/fia.com.br\/graduacao\/blog\/como-alcancar-o-protagonismo-no-trabalho\/#primaryimage"},"image":{"@id":"https:\/\/fia.com.br\/graduacao\/blog\/como-alcancar-o-protagonismo-no-trabalho\/#primaryimage"},"thumbnailUrl":"https:\/\/fia.com.br\/graduacao\/wp-content\/uploads\/sites\/6\/2025\/09\/como-alcancar-o-protagonismo-no-trabalho.png","datePublished":"2025-09-10T12:00:00+00:00","dateModified":"2025-12-10T17:34:48+00:00","author":{"@id":"https:\/\/fia.com.br\/graduacao\/#\/schema\/person\/09d96b732802edb5307e35f3aca6f31b"},"description":"A constru\u00e7\u00e3o do protagonismo no trabalho come\u00e7a muito antes do primeiro emprego. Leia o artigo e entenda mais sobre isso!","breadcrumb":{"@id":"https:\/\/fia.com.br\/graduacao\/blog\/como-alcancar-o-protagonismo-no-trabalho\/#breadcrumb"},"inLanguage":"pt-BR","potentialAction":[{"@type":"ReadAction","target":["https:\/\/fia.com.br\/graduacao\/blog\/como-alcancar-o-protagonismo-no-trabalho\/"]}]},{"@type":"ImageObject","inLanguage":"pt-BR","@id":"https:\/\/fia.com.br\/graduacao\/blog\/como-alcancar-o-protagonismo-no-trabalho\/#primaryimage","url":"https:\/\/fia.com.br\/graduacao\/wp-content\/uploads\/sites\/6\/2025\/09\/como-alcancar-o-protagonismo-no-trabalho.png","contentUrl":"https:\/\/fia.com.br\/graduacao\/wp-content\/uploads\/sites\/6\/2025\/09\/como-alcancar-o-protagonismo-no-trabalho.png","width":512,"height":280,"caption":"Como Alcan\u00e7ar o Protagonismo No Trabalho?"},{"@type":"BreadcrumbList","@id":"https:\/\/fia.com.br\/graduacao\/blog\/como-alcancar-o-protagonismo-no-trabalho\/#breadcrumb","itemListElement":[{"@type":"ListItem","position":1,"name":"In\u00edcio","item":"https:\/\/fia.com.br\/graduacao\/"},{"@type":"ListItem","position":2,"name":"Como Alcan\u00e7ar o Protagonismo No Trabalho?"}]},{"@type":"WebSite","@id":"https:\/\/fia.com.br\/graduacao\/#website","url":"https:\/\/fia.com.br\/graduacao\/","name":"FIA","description":"FIA - Funda\u00e7\u00e3o Instituto de Administra\u00e7\u00e3o","potentialAction":[{"@type":"SearchAction","target":{"@type":"EntryPoint","urlTemplate":"https:\/\/fia.com.br\/graduacao\/?s={search_term_string}"},"query-input":{"@type":"PropertyValueSpecification","valueRequired":true,"valueName":"search_term_string"}}],"inLanguage":"pt-BR"},{"@type":"Person","@id":"https:\/\/fia.com.br\/graduacao\/#\/schema\/person\/09d96b732802edb5307e35f3aca6f31b","name":"FIA","image":{"@type":"ImageObject","inLanguage":"pt-BR","@id":"https:\/\/fia.com.br\/graduacao\/#\/schema\/person\/image\/","url":"https:\/\/secure.gravatar.com\/avatar\/b51150cc482a9fcb93d232c2a66e1f1c4dd3300ea21b8e732bfb1a73f707b6de?s=96&d=mm&r=g","contentUrl":"https:\/\/secure.gravatar.com\/avatar\/b51150cc482a9fcb93d232c2a66e1f1c4dd3300ea21b8e732bfb1a73f707b6de?s=96&d=mm&r=g","caption":"FIA"},"description":"Com um olhar sempre no futuro, desenvolvemos e disseminamos conhecimentos de teorias e m\u00e9todos de Administra\u00e7\u00e3o de Empresas, aperfei\u00e7oando o desempenho das institui\u00e7\u00f5es brasileiras atrav\u00e9s de tr\u00eas linhas b\u00e1sicas de atividade: Educa\u00e7\u00e3o Executiva, Pesquisa e Consultoria.","url":"https:\/\/fia.com.br\/graduacao\/blog\/author\/fia\/"}]}},"_links":{"self":[{"href":"https:\/\/fia.com.br\/graduacao\/wp-json\/wp\/v2\/posts\/15380","targetHints":{"allow":["GET"]}}],"collection":[{"href":"https:\/\/fia.com.br\/graduacao\/wp-json\/wp\/v2\/posts"}],"about":[{"href":"https:\/\/fia.com.br\/graduacao\/wp-json\/wp\/v2\/types\/post"}],"author":[{"embeddable":true,"href":"https:\/\/fia.com.br\/graduacao\/wp-json\/wp\/v2\/users\/6"}],"replies":[{"embeddable":true,"href":"https:\/\/fia.com.br\/graduacao\/wp-json\/wp\/v2\/comments?post=15380"}],"version-history":[{"count":0,"href":"https:\/\/fia.com.br\/graduacao\/wp-json\/wp\/v2\/posts\/15380\/revisions"}],"wp:featuredmedia":[{"embeddable":true,"href":"https:\/\/fia.com.br\/graduacao\/wp-json\/wp\/v2\/media\/15381"}],"wp:attachment":[{"href":"https:\/\/fia.com.br\/graduacao\/wp-json\/wp\/v2\/media?parent=15380"}],"wp:term":[{"taxonomy":"category","embeddable":true,"href":"https:\/\/fia.com.br\/graduacao\/wp-json\/wp\/v2\/categories?post=15380"},{"taxonomy":"post_tag","embeddable":true,"href":"https:\/\/fia.com.br\/graduacao\/wp-json\/wp\/v2\/tags?post=15380"}],"curies":[{"name":"wp","href":"https:\/\/api.w.org\/{rel}","templated":true}]}}