{"id":14644,"date":"2023-12-28T08:00:00","date_gmt":"2023-12-28T11:00:00","guid":{"rendered":"https:\/\/graduacaofia.wpenginepowered.com\/?p=14644"},"modified":"2025-08-13T11:20:04","modified_gmt":"2025-08-13T14:20:04","slug":"saude-mental-e-vestibular","status":"publish","type":"post","link":"https:\/\/fia.com.br\/graduacao\/blog\/saude-mental-e-vestibular\/","title":{"rendered":"Sa\u00fade Mental E Vestibular: Dicas Para Controlar A Ansiedade Durante A Prepara\u00e7\u00e3o Para As Provas"},"content":{"rendered":"\n<p>\u00c0 medida que o per\u00edodo do vestibular se aproxima, um n\u00famero crescente de estudantes se encontra navegando por um mar de apostilas, resumos e simulados, com a esperan\u00e7a de alcan\u00e7ar o sucesso acad\u00eamico.<\/p>\n\n\n\n<p>No entanto, al\u00e9m dos desafios intelectuais, h\u00e1 outro aspecto crucial que muitas vezes permanece nas sombras: a sa\u00fade mental. Lidar com a ansiedade durante a prepara\u00e7\u00e3o para as provas \u00e9 t\u00e3o vital quanto dominar o conte\u00fado a ser testado.<\/p>\n\n\n\n<p>Continue a leitura deste artigo para saber mais sobre sa\u00fade mental e vestibular. Voc\u00ea vai conferir:<\/p>\n\n\n\n<ul class=\"wp-block-list\">\n<li>qual \u00e9 a import\u00e2ncia da sa\u00fade mental durante a prepara\u00e7\u00e3o para o vestibular;<\/li>\n\n\n\n<li>dicas para identificar sinais de ansiedade e estresse no per\u00edodo do vestibular;<\/li>\n\n\n\n<li>dicas para controlar a ansiedade durante a prepara\u00e7\u00e3o para as provas.<\/li>\n<\/ul>\n\n\n\n<h2 class=\"wp-block-heading\"><strong>Qual \u00e9 a import\u00e2ncia da sa\u00fade mental durante a prepara\u00e7\u00e3o para o vestibular<\/strong><\/h2>\n\n\n\n<p>A import\u00e2ncia da sa\u00fade mental durante a prepara\u00e7\u00e3o para o vestibular \u00e9 significativa e multifacetada. Afinal, o per\u00edodo que antecede as provas do vestibular \u00e9 frequentemente marcado por alta press\u00e3o, estresse e expectativas elevadas, tanto pessoais quanto externas.<\/p>\n\n\n\n<p>Al\u00e9m disso, podemos dizer que esta gera\u00e7\u00e3o, em especial, tem ainda mais motivos para se preocupar com a sa\u00fade mental, tendo em vista o atual cen\u00e1rio de competitividade e de influ\u00eancia dos meios digitais. Isso, \u00e9 claro, sem esquecer dos impactos psicol\u00f3gicos deixados pela recente pandemia.<\/p>\n\n\n\n<p>Portanto, dar aten\u00e7\u00e3o \u00e0 rela\u00e7\u00e3o entre sa\u00fade mental e vestibular \u00e9 essencial n\u00e3o apenas para o sucesso no exame, mas tamb\u00e9m para o bem-estar geral e o desenvolvimento de habilidades de vida saud\u00e1veis. \u00c9 um investimento na sa\u00fade integral do estudante, que beneficia seu presente e seu futuro.<\/p>\n\n\n\n<h2 class=\"wp-block-heading\"><strong>Dicas para identificar sinais de ansiedade e estresse no per\u00edodo do vestibular<\/strong><\/h2>\n\n\n\n<p>Reconhecer os sinais de ansiedade e estresse \u00e9 essencial para uma interven\u00e7\u00e3o precoce e um melhor equil\u00edbrio entre sa\u00fade mental e vestibular. Alguns sintomas comuns incluem ins\u00f4nia, irritabilidade, <a href=\"https:\/\/graduacaofia.wpenginepowered.com\/blog\/6-metodos-de-estudos-para-te-ajudar\/\">dificuldade de concentra\u00e7\u00e3o<\/a>, mudan\u00e7as de apetite e isolamento social. Al\u00e9m disso, a <a href=\"https:\/\/graduacaofia.wpenginepowered.com\/blog\/ansiedade-pre-vestibular\/\">ansiedade<\/a> tamb\u00e9m pode impactar significativamente o desempenho nos estudos e na realiza\u00e7\u00e3o da prova.<\/p>\n\n\n\n<p>Tamb\u00e9m \u00e9 importante ressaltar que, de forma geral, todos esses \u201csinais\u201d podem impactar muito mais do que a prepara\u00e7\u00e3o para o vestibular e, inclusive, se estender para outros aspectos futuros na vida do estudante, bem como o seu sucesso profissional, seus c\u00edrculos sociais, entre outros.<\/p>\n\n\n\n<p>Portanto, fique de olho e, ao perceber qualquer sinal de ansiedade, medo ou estresse, concentre-se nas solu\u00e7\u00f5es poss\u00edveis e no equil\u00edbrio ideal.<\/p>\n\n\n\n<h2 class=\"wp-block-heading\"><strong>Dicas para controlar a ansiedade durante a prepara\u00e7\u00e3o para as provas<\/strong><\/h2>\n\n\n\n<p>Aproveitando o gancho acima, podemos destacar alguns conselhos importantes sobre como equilibrar a ansiedade e outros sintomas relacionados \u00e0 sua sa\u00fade mental e a prepara\u00e7\u00e3o para o vestibular. Confira as seguintes estrat\u00e9gias:<\/p>\n\n\n\n<h3 class=\"wp-block-heading\"><strong>1. Aprenda a gerenciar seu tempo<\/strong><\/h3>\n\n\n\n<p>Estabelecer um cronograma realista \u00e9 essencial. Ap\u00f3s decidir <a href=\"https:\/\/graduacaofia.wpenginepowered.com\/blog\/estudar-para-o-vestibular\/\">quando come\u00e7ar a estudar para o vestibular<\/a>, reserve tempo para atividades relaxantes. O <a href=\"https:\/\/graduacaofia.wpenginepowered.com\/blog\/gestao-do-tempo\/\">gerenciamento eficaz do tempo<\/a> n\u00e3o s\u00f3 melhora o desempenho acad\u00eamico, mas tamb\u00e9m reduz a press\u00e3o psicol\u00f3gica.<\/p>\n\n\n\n<h3 class=\"wp-block-heading\"><strong>2. Organize seus estudos<\/strong><\/h3>\n\n\n\n<p>Divida o material em partes menores e gerenci\u00e1veis. A organiza\u00e7\u00e3o eficiente n\u00e3o apenas facilita a absor\u00e7\u00e3o do conte\u00fado, mas tamb\u00e9m reduz a sensa\u00e7\u00e3o de sobrecarga, promovendo uma <a href=\"https:\/\/graduacaofia.wpenginepowered.com\/blog\/metodos-de-estudo\/\">abordagem mais eficaz aos estudos<\/a>.<\/p>\n\n\n\n<h3 class=\"wp-block-heading\"><strong>3. Dedique um tempo a t\u00e9cnicas de relaxamento<\/strong><\/h3>\n\n\n\n<p>Incorpore pr\u00e1ticas de relaxamento, como medita\u00e7\u00e3o, exerc\u00edcios de respira\u00e7\u00e3o e <em>mindfulness<\/em>, em sua rotina di\u00e1ria. Essas t\u00e9cnicas n\u00e3o apenas acalmam a mente, mas tamb\u00e9m aliviam o estresse, melhoram a concentra\u00e7\u00e3o e promovem o equil\u00edbrio emocional.<\/p>\n\n\n\n<h3 class=\"wp-block-heading\"><strong>4. Cultive h\u00e1bitos saud\u00e1veis<\/strong><\/h3>\n\n\n\n<p>Uma alimenta\u00e7\u00e3o balanceada, a pr\u00e1tica de exerc\u00edcios regulares e uma rotina de sono adequada s\u00e3o fundamentais para manter a sa\u00fade mental. Esses h\u00e1bitos contribuem para a clareza mental e o bem-estar geral.<\/p>\n\n\n\n<h3 class=\"wp-block-heading\"><strong>5. Estabele\u00e7a metas realistas<\/strong><\/h3>\n\n\n\n<p>Defina metas alcan\u00e7\u00e1veis e celebre pequenas conquistas ao longo do caminho. Isso proporciona motiva\u00e7\u00e3o cont\u00ednua e reduz a press\u00e3o auto imposta.<\/p>\n\n\n\n<h3 class=\"wp-block-heading\"><strong>6. Busque apoio social<\/strong><\/h3>\n\n\n\n<p>Compartilhe suas preocupa\u00e7\u00f5es com amigos, familiares ou colegas que estejam passando pelo mesmo processo. O apoio social \u00e9 valioso para enfrentar desafios e reduzir o isolamento emocional.<\/p>\n\n\n\n<h3 class=\"wp-block-heading\"><strong>7. Busque apoio profissional<\/strong><\/h3>\n\n\n\n<p>Esteja ciente de suas emo\u00e7\u00f5es e, se necess\u00e1rio, busque apoio profissional. Servi\u00e7os de aconselhamento escolar, grupos de apoio e plataformas online oferecem suporte valioso para lidar com desafios emocionais.<\/p>\n\n\n\n<p>Essas s\u00e3o algumas dicas essenciais sobre como relacionar bem sa\u00fade mental e vestibular, tendo em vista os in\u00fameros desafios e cen\u00e1rios poss\u00edveis que os estudantes costumam encarar nesta importante jornada de suas vidas.<\/p>\n\n\n\n<p>Se voc\u00ea gostou das dicas e quer um incentivo a mais para uma prepara\u00e7\u00e3o perfeita para o vestibular, <a href=\"https:\/\/graduacaofia.wpenginepowered.com\/blog\/ano-de-vestibular\/\">aproveite para descobrir como se preparar para a prova<\/a> e manter a calma durante a avalia\u00e7\u00e3o. Boa leitura!<\/p>\n","protected":false},"excerpt":{"rendered":"<p>Saiba mais sobre a rela\u00e7\u00e3o entre sa\u00fade mental e vestibular e descubra como controlar a ansiedade durante a prepara\u00e7\u00e3o para as provas.<\/p>\n","protected":false},"author":6,"featured_media":14645,"comment_status":"open","ping_status":"open","sticky":false,"template":"","format":"standard","meta":{"_acf_changed":false,"footnotes":""},"categories":[9],"tags":[],"class_list":["post-14644","post","type-post","status-publish","format-standard","has-post-thumbnail","hentry","category-educacao"],"acf":[],"yoast_head":"<!-- This site is optimized with the Yoast SEO plugin v23.5 - https:\/\/yoast.com\/wordpress\/plugins\/seo\/ -->\n<title>Sa\u00fade Mental E Vestibular: Dicas Para Controlar A Ansiedade Durante A Prepara\u00e7\u00e3o Para As Provas - Gradua\u00e7\u00e3o<\/title>\n<meta name=\"robots\" content=\"index, follow, max-snippet:-1, max-image-preview:large, max-video-preview:-1\" \/>\n<link rel=\"canonical\" href=\"https:\/\/fia.com.br\/graduacao\/blog\/saude-mental-e-vestibular\/\" \/>\n<meta property=\"og:locale\" content=\"pt_BR\" \/>\n<meta property=\"og:type\" content=\"article\" \/>\n<meta property=\"og:title\" content=\"Sa\u00fade Mental E Vestibular: Dicas Para Controlar A Ansiedade Durante A Prepara\u00e7\u00e3o Para As Provas - Gradua\u00e7\u00e3o\" \/>\n<meta property=\"og:description\" content=\"Saiba mais sobre a rela\u00e7\u00e3o entre sa\u00fade mental e vestibular e descubra como controlar a ansiedade durante a prepara\u00e7\u00e3o para as provas.\" \/>\n<meta property=\"og:url\" content=\"https:\/\/fia.com.br\/graduacao\/blog\/saude-mental-e-vestibular\/\" \/>\n<meta property=\"og:site_name\" content=\"Gradua\u00e7\u00e3o\" \/>\n<meta property=\"article:published_time\" content=\"2023-12-28T11:00:00+00:00\" \/>\n<meta property=\"article:modified_time\" content=\"2025-08-13T14:20:04+00:00\" \/>\n<meta property=\"og:image\" content=\"https:\/\/fia.com.br\/graduacao\/wp-content\/uploads\/sites\/6\/2024\/01\/saude-mental-e-vestibular-como-se-preparar-para-as-provas.jpg\" \/>\n\t<meta property=\"og:image:width\" content=\"1000\" \/>\n\t<meta property=\"og:image:height\" content=\"667\" \/>\n\t<meta property=\"og:image:type\" content=\"image\/jpeg\" \/>\n<meta name=\"author\" content=\"FIA\" \/>\n<meta name=\"twitter:card\" content=\"summary_large_image\" \/>\n<meta name=\"twitter:label1\" content=\"Escrito por\" \/>\n\t<meta name=\"twitter:data1\" content=\"FIA\" \/>\n\t<meta name=\"twitter:label2\" content=\"Est. tempo de leitura\" \/>\n\t<meta name=\"twitter:data2\" content=\"5 minutos\" \/>\n<script type=\"application\/ld+json\" class=\"yoast-schema-graph\">{\"@context\":\"https:\/\/schema.org\",\"@graph\":[{\"@type\":\"WebPage\",\"@id\":\"https:\/\/fia.com.br\/graduacao\/blog\/saude-mental-e-vestibular\/\",\"url\":\"https:\/\/fia.com.br\/graduacao\/blog\/saude-mental-e-vestibular\/\",\"name\":\"Sa\u00fade Mental E Vestibular: Dicas Para Controlar A Ansiedade Durante A Prepara\u00e7\u00e3o Para As Provas - Gradua\u00e7\u00e3o\",\"isPartOf\":{\"@id\":\"https:\/\/fia.com.br\/graduacao\/#website\"},\"primaryImageOfPage\":{\"@id\":\"https:\/\/fia.com.br\/graduacao\/blog\/saude-mental-e-vestibular\/#primaryimage\"},\"image\":{\"@id\":\"https:\/\/fia.com.br\/graduacao\/blog\/saude-mental-e-vestibular\/#primaryimage\"},\"thumbnailUrl\":\"https:\/\/fia.com.br\/graduacao\/wp-content\/uploads\/sites\/6\/2024\/01\/saude-mental-e-vestibular-como-se-preparar-para-as-provas.jpg\",\"datePublished\":\"2023-12-28T11:00:00+00:00\",\"dateModified\":\"2025-08-13T14:20:04+00:00\",\"author\":{\"@id\":\"https:\/\/fia.com.br\/graduacao\/#\/schema\/person\/09d96b732802edb5307e35f3aca6f31b\"},\"breadcrumb\":{\"@id\":\"https:\/\/fia.com.br\/graduacao\/blog\/saude-mental-e-vestibular\/#breadcrumb\"},\"inLanguage\":\"pt-BR\",\"potentialAction\":[{\"@type\":\"ReadAction\",\"target\":[\"https:\/\/fia.com.br\/graduacao\/blog\/saude-mental-e-vestibular\/\"]}]},{\"@type\":\"ImageObject\",\"inLanguage\":\"pt-BR\",\"@id\":\"https:\/\/fia.com.br\/graduacao\/blog\/saude-mental-e-vestibular\/#primaryimage\",\"url\":\"https:\/\/fia.com.br\/graduacao\/wp-content\/uploads\/sites\/6\/2024\/01\/saude-mental-e-vestibular-como-se-preparar-para-as-provas.jpg\",\"contentUrl\":\"https:\/\/fia.com.br\/graduacao\/wp-content\/uploads\/sites\/6\/2024\/01\/saude-mental-e-vestibular-como-se-preparar-para-as-provas.jpg\",\"width\":1000,\"height\":667,\"caption\":\"Sa\u00fade Mental E Vestibular: Como Se Preparar Para As Provas\"},{\"@type\":\"BreadcrumbList\",\"@id\":\"https:\/\/fia.com.br\/graduacao\/blog\/saude-mental-e-vestibular\/#breadcrumb\",\"itemListElement\":[{\"@type\":\"ListItem\",\"position\":1,\"name\":\"In\u00edcio\",\"item\":\"https:\/\/fia.com.br\/graduacao\/\"},{\"@type\":\"ListItem\",\"position\":2,\"name\":\"Sa\u00fade Mental E Vestibular: Dicas Para Controlar A Ansiedade Durante A Prepara\u00e7\u00e3o Para As Provas\"}]},{\"@type\":\"WebSite\",\"@id\":\"https:\/\/fia.com.br\/graduacao\/#website\",\"url\":\"https:\/\/fia.com.br\/graduacao\/\",\"name\":\"FIA\",\"description\":\"FIA - Funda\u00e7\u00e3o Instituto de Administra\u00e7\u00e3o\",\"potentialAction\":[{\"@type\":\"SearchAction\",\"target\":{\"@type\":\"EntryPoint\",\"urlTemplate\":\"https:\/\/fia.com.br\/graduacao\/?s={search_term_string}\"},\"query-input\":{\"@type\":\"PropertyValueSpecification\",\"valueRequired\":true,\"valueName\":\"search_term_string\"}}],\"inLanguage\":\"pt-BR\"},{\"@type\":\"Person\",\"@id\":\"https:\/\/fia.com.br\/graduacao\/#\/schema\/person\/09d96b732802edb5307e35f3aca6f31b\",\"name\":\"FIA\",\"image\":{\"@type\":\"ImageObject\",\"inLanguage\":\"pt-BR\",\"@id\":\"https:\/\/fia.com.br\/graduacao\/#\/schema\/person\/image\/\",\"url\":\"https:\/\/secure.gravatar.com\/avatar\/b51150cc482a9fcb93d232c2a66e1f1c4dd3300ea21b8e732bfb1a73f707b6de?s=96&d=mm&r=g\",\"contentUrl\":\"https:\/\/secure.gravatar.com\/avatar\/b51150cc482a9fcb93d232c2a66e1f1c4dd3300ea21b8e732bfb1a73f707b6de?s=96&d=mm&r=g\",\"caption\":\"FIA\"},\"description\":\"Com um olhar sempre no futuro, desenvolvemos e disseminamos conhecimentos de teorias e m\u00e9todos de Administra\u00e7\u00e3o de Empresas, aperfei\u00e7oando o desempenho das institui\u00e7\u00f5es brasileiras atrav\u00e9s de tr\u00eas linhas b\u00e1sicas de atividade: Educa\u00e7\u00e3o Executiva, Pesquisa e Consultoria.\",\"url\":\"https:\/\/fia.com.br\/graduacao\/blog\/author\/fia\/\"}]}<\/script>\n<!-- \/ Yoast SEO plugin. -->","yoast_head_json":{"title":"Sa\u00fade Mental E Vestibular: Dicas Para Controlar A Ansiedade Durante A Prepara\u00e7\u00e3o Para As Provas - Gradua\u00e7\u00e3o","robots":{"index":"index","follow":"follow","max-snippet":"max-snippet:-1","max-image-preview":"max-image-preview:large","max-video-preview":"max-video-preview:-1"},"canonical":"https:\/\/fia.com.br\/graduacao\/blog\/saude-mental-e-vestibular\/","og_locale":"pt_BR","og_type":"article","og_title":"Sa\u00fade Mental E Vestibular: Dicas Para Controlar A Ansiedade Durante A Prepara\u00e7\u00e3o Para As Provas - Gradua\u00e7\u00e3o","og_description":"Saiba mais sobre a rela\u00e7\u00e3o entre sa\u00fade mental e vestibular e descubra como controlar a ansiedade durante a prepara\u00e7\u00e3o para as provas.","og_url":"https:\/\/fia.com.br\/graduacao\/blog\/saude-mental-e-vestibular\/","og_site_name":"Gradua\u00e7\u00e3o","article_published_time":"2023-12-28T11:00:00+00:00","article_modified_time":"2025-08-13T14:20:04+00:00","og_image":[{"width":1000,"height":667,"url":"https:\/\/fia.com.br\/graduacao\/wp-content\/uploads\/sites\/6\/2024\/01\/saude-mental-e-vestibular-como-se-preparar-para-as-provas.jpg","type":"image\/jpeg"}],"author":"FIA","twitter_card":"summary_large_image","twitter_misc":{"Escrito por":"FIA","Est. tempo de leitura":"5 minutos"},"schema":{"@context":"https:\/\/schema.org","@graph":[{"@type":"WebPage","@id":"https:\/\/fia.com.br\/graduacao\/blog\/saude-mental-e-vestibular\/","url":"https:\/\/fia.com.br\/graduacao\/blog\/saude-mental-e-vestibular\/","name":"Sa\u00fade Mental E Vestibular: Dicas Para Controlar A Ansiedade Durante A Prepara\u00e7\u00e3o Para As Provas - Gradua\u00e7\u00e3o","isPartOf":{"@id":"https:\/\/fia.com.br\/graduacao\/#website"},"primaryImageOfPage":{"@id":"https:\/\/fia.com.br\/graduacao\/blog\/saude-mental-e-vestibular\/#primaryimage"},"image":{"@id":"https:\/\/fia.com.br\/graduacao\/blog\/saude-mental-e-vestibular\/#primaryimage"},"thumbnailUrl":"https:\/\/fia.com.br\/graduacao\/wp-content\/uploads\/sites\/6\/2024\/01\/saude-mental-e-vestibular-como-se-preparar-para-as-provas.jpg","datePublished":"2023-12-28T11:00:00+00:00","dateModified":"2025-08-13T14:20:04+00:00","author":{"@id":"https:\/\/fia.com.br\/graduacao\/#\/schema\/person\/09d96b732802edb5307e35f3aca6f31b"},"breadcrumb":{"@id":"https:\/\/fia.com.br\/graduacao\/blog\/saude-mental-e-vestibular\/#breadcrumb"},"inLanguage":"pt-BR","potentialAction":[{"@type":"ReadAction","target":["https:\/\/fia.com.br\/graduacao\/blog\/saude-mental-e-vestibular\/"]}]},{"@type":"ImageObject","inLanguage":"pt-BR","@id":"https:\/\/fia.com.br\/graduacao\/blog\/saude-mental-e-vestibular\/#primaryimage","url":"https:\/\/fia.com.br\/graduacao\/wp-content\/uploads\/sites\/6\/2024\/01\/saude-mental-e-vestibular-como-se-preparar-para-as-provas.jpg","contentUrl":"https:\/\/fia.com.br\/graduacao\/wp-content\/uploads\/sites\/6\/2024\/01\/saude-mental-e-vestibular-como-se-preparar-para-as-provas.jpg","width":1000,"height":667,"caption":"Sa\u00fade Mental E Vestibular: Como Se Preparar Para As Provas"},{"@type":"BreadcrumbList","@id":"https:\/\/fia.com.br\/graduacao\/blog\/saude-mental-e-vestibular\/#breadcrumb","itemListElement":[{"@type":"ListItem","position":1,"name":"In\u00edcio","item":"https:\/\/fia.com.br\/graduacao\/"},{"@type":"ListItem","position":2,"name":"Sa\u00fade Mental E Vestibular: Dicas Para Controlar A Ansiedade Durante A Prepara\u00e7\u00e3o Para As Provas"}]},{"@type":"WebSite","@id":"https:\/\/fia.com.br\/graduacao\/#website","url":"https:\/\/fia.com.br\/graduacao\/","name":"FIA","description":"FIA - Funda\u00e7\u00e3o Instituto de Administra\u00e7\u00e3o","potentialAction":[{"@type":"SearchAction","target":{"@type":"EntryPoint","urlTemplate":"https:\/\/fia.com.br\/graduacao\/?s={search_term_string}"},"query-input":{"@type":"PropertyValueSpecification","valueRequired":true,"valueName":"search_term_string"}}],"inLanguage":"pt-BR"},{"@type":"Person","@id":"https:\/\/fia.com.br\/graduacao\/#\/schema\/person\/09d96b732802edb5307e35f3aca6f31b","name":"FIA","image":{"@type":"ImageObject","inLanguage":"pt-BR","@id":"https:\/\/fia.com.br\/graduacao\/#\/schema\/person\/image\/","url":"https:\/\/secure.gravatar.com\/avatar\/b51150cc482a9fcb93d232c2a66e1f1c4dd3300ea21b8e732bfb1a73f707b6de?s=96&d=mm&r=g","contentUrl":"https:\/\/secure.gravatar.com\/avatar\/b51150cc482a9fcb93d232c2a66e1f1c4dd3300ea21b8e732bfb1a73f707b6de?s=96&d=mm&r=g","caption":"FIA"},"description":"Com um olhar sempre no futuro, desenvolvemos e disseminamos conhecimentos de teorias e m\u00e9todos de Administra\u00e7\u00e3o de Empresas, aperfei\u00e7oando o desempenho das institui\u00e7\u00f5es brasileiras atrav\u00e9s de tr\u00eas linhas b\u00e1sicas de atividade: Educa\u00e7\u00e3o Executiva, Pesquisa e Consultoria.","url":"https:\/\/fia.com.br\/graduacao\/blog\/author\/fia\/"}]}},"_links":{"self":[{"href":"https:\/\/fia.com.br\/graduacao\/wp-json\/wp\/v2\/posts\/14644","targetHints":{"allow":["GET"]}}],"collection":[{"href":"https:\/\/fia.com.br\/graduacao\/wp-json\/wp\/v2\/posts"}],"about":[{"href":"https:\/\/fia.com.br\/graduacao\/wp-json\/wp\/v2\/types\/post"}],"author":[{"embeddable":true,"href":"https:\/\/fia.com.br\/graduacao\/wp-json\/wp\/v2\/users\/6"}],"replies":[{"embeddable":true,"href":"https:\/\/fia.com.br\/graduacao\/wp-json\/wp\/v2\/comments?post=14644"}],"version-history":[{"count":0,"href":"https:\/\/fia.com.br\/graduacao\/wp-json\/wp\/v2\/posts\/14644\/revisions"}],"wp:featuredmedia":[{"embeddable":true,"href":"https:\/\/fia.com.br\/graduacao\/wp-json\/wp\/v2\/media\/14645"}],"wp:attachment":[{"href":"https:\/\/fia.com.br\/graduacao\/wp-json\/wp\/v2\/media?parent=14644"}],"wp:term":[{"taxonomy":"category","embeddable":true,"href":"https:\/\/fia.com.br\/graduacao\/wp-json\/wp\/v2\/categories?post=14644"},{"taxonomy":"post_tag","embeddable":true,"href":"https:\/\/fia.com.br\/graduacao\/wp-json\/wp\/v2\/tags?post=14644"}],"curies":[{"name":"wp","href":"https:\/\/api.w.org\/{rel}","templated":true}]}}