{"id":13978,"date":"2021-03-17T10:00:00","date_gmt":"2021-03-17T13:00:00","guid":{"rendered":"https:\/\/graduacaofia.wpenginepowered.com\/?p=13978"},"modified":"2021-03-17T10:00:00","modified_gmt":"2021-03-17T13:00:00","slug":"ram-charan","status":"publish","type":"post","link":"https:\/\/fia.com.br\/graduacao\/blog\/ram-charan\/","title":{"rendered":"Conhe\u00e7a o valioso legado de Ram Charan para construir e aperfei\u00e7oar lideran\u00e7as"},"content":{"rendered":"\n<p>O nome Ram Charan diz alguma coisa a voc\u00ea? O professor, consultor e palestrante nascido em Uttar Pradesh, \u00cdndia, \u00e9 um dos mais eminentes nomes do mundo na forma\u00e7\u00e3o de lideran\u00e7as.<\/p>\n\n\n\n<p>Esse octagen\u00e1rio filho de um dono de mercearia cultivou desde cedo o interesse e a pr\u00e1tica em administra\u00e7\u00e3o e <a href=\"https:\/\/fia.com.br\/blog\/retencao-de-talentos\/\" target=\"_blank\" rel=\"noreferrer noopener\">aprimoramento de talentos<\/a>, que o levou a trilhar o doutorado na Universidade de Harvard e a assumir uma cadeira como docente na faculdade de Neg\u00f3cios dessa mesma institui\u00e7\u00e3o.<\/p>\n\n\n\n<p>Charan \u00e9 especialmente conhecido por seus estudos sobre a constru\u00e7\u00e3o de linhas de sucess\u00e3o e planos de carreira para <a href=\"https:\/\/fia.com.br\/blog\/como-ser-um-bom-lider\/\" target=\"_blank\" rel=\"noreferrer noopener\">l\u00edderes eficientes<\/a>. Al\u00e9m do meio acad\u00eamico, a atividade empresarial serviu de fonte para seus conhecimentos: assumiu postos relevantes por d\u00e9cadas em multinacionais no porte de Ford, DuPont, Duke Energy, Verizon e General Electric.<\/p>\n\n\n\n<p>Desde os anos 80, Charan empenha seus esfor\u00e7os em servi\u00e7os de consultoria e, mais recentemente, suas li\u00e7\u00f5es sobre gest\u00e3o de neg\u00f3cios e pessoas t\u00eam se difundido no Brasil por meio de diversos livros. Ele esteve no pa\u00eds para uma palestra em 2019.<\/p>\n\n\n\n<p>Neste artigo, nos propusemos a oferecer uma exposi\u00e7\u00e3o introdut\u00f3ria ao que Ram Charan tem a oferecer de melhor: selecionamos alguns de seus mais interessantes livros e reflex\u00f5es em mais de 50 anos de atividade.<\/p>\n\n\n\n<h2 class=\"wp-block-heading\">Os 3 livros essenciais de Ram Charan<\/h2>\n\n\n\n<h3 class=\"wp-block-heading\">Pipeline de lideran\u00e7a (2000)<\/h3>\n\n\n\n<p>O caminho at\u00e9 a lideran\u00e7a \u00e9 ramificado e pode assumir diversas dire\u00e7\u00f5es, como tubula\u00e7\u00f5es. A imagem do encanamento (pipeline, em ingl\u00eas)<\/p>\n\n\n\n<p>Para decifrar e sistematizar essa jornada profissional, Charan uniu-se a Stephen Drotter e James Noal, descrevendo um modelo de seis etapas para a forma\u00e7\u00e3o de lideran\u00e7as:<\/p>\n\n\n\n<ul>\n \t<li style=\"list-style-type: none\">\n<ul class=\"flat-list style1\">\n \t<li>1. Ger\u00eancia de equipe<\/li>\n \t<li>2. Lideran\u00e7a de gerentes<\/li>\n        <li>3. Gest\u00e3o de departamento da empresa<\/li>\n        <li>4. Gest\u00e3o de uma unidade de empresa<\/li>\n        <li>5. Lideran\u00e7a de um grupo de unidades<\/li>\n        <li>6. <a href=\"https:\/\/graduacaofia.wpenginepowered.com\/blog\/confira-as-7-habilidades-do-administrador\/\" target=\"_blank\" rel=\"noreferrer noopener\">Administra\u00e7\u00e3o geral de empresa.<\/li>\n \t<\/ul>\n\n\n\n<p>Esses passos s\u00e3o marcados por transi\u00e7\u00f5es, que, para serem cruzadas, exigem do l\u00edder o dom\u00ednio de diferentes compet\u00eancias. Todos os detalhes dessa complexa progress\u00e3o s\u00e3o objeto desse bem-sucedido livro.<\/p>\n\n\n\n<h3 class=\"wp-block-heading\">Know-How \u2013 As 8 Compet\u00eancias Que Separam os Que Fazem dos Que n\u00e3o Fazem (2007)<\/h3>\n\n\n\n<p>O foco deste volume \u00e9 o desafio imposto diariamente \u00e0s lideran\u00e7as, de avaliar se o neg\u00f3cio \u00e9 rent\u00e1vel, se satisfaz necessidades e desejos do cliente e o que pode ser melhorado.<\/p>\n\n\n\n<p>Charan oferece insumos para enfrentar essa rotina, organizando e explicando com sua objetividade caracter\u00edstica, oito compet\u00eancias essenciais para gestores:<\/p>\n\n\n\n<ul>\n \t<li style=\"list-style-type: none\">\n<ul class=\"flat-list style1\">\n \t<li>1. Saber posicionar a empresa<\/li>\n \t<li>2. Ligar pontos desconexos<\/li>\n        <li>3. Moldar o ambiente de trabalho<\/li>\n        <li>4. Avaliar de forma correta as pessoas<\/li>\n        <li>5. Unir a equipe<\/li>\n        <li>6. Alcan\u00e7ar bons resultados<\/li>\n        <li>7. Estabelecer prioridades<\/li>\n        <li>8. Lidar com as press\u00f5es externas.<\/li>\n \t<\/ul>\n\n\n\n<h3 class=\"wp-block-heading\">O L\u00edder Criador de L\u00edderes (2008)<\/h3>\n\n\n\n<p>A forma\u00e7\u00e3o de sucessores competentes para liderar \u00e9 o tema central desse livro. O autor prop\u00f5e uma metodologia pr\u00e1tica, radicalmente diferente do modelo de aprendizagem convencional, para acelerar o desenvolvimento de compet\u00eancias de lideran\u00e7as para suprir a grande demanda por gestores, sem abrir m\u00e3o de qualidade formativa.<\/p>\n\n\n\n<p>O l\u00edder de Recursos Humanos da empresa assume a atribui\u00e7\u00e3o central no modelo de aprendizagem de Charan, que se desenvolve a partir da atribui\u00e7\u00e3o de atividades altamente desafiadoras a pessoas com talento para a lideran\u00e7a.<\/p>\n\n\n\n<h2 class=\"wp-block-heading\">Ram Charan em 3 reflex\u00f5es sobre carreira e lideran\u00e7a<\/h2>\n\n\n\n<p>Muitos profissionais ensinaram e obtiveram li\u00e7\u00f5es valiosas de Charan em sua longa viv\u00eancia estudando e promovendo neg\u00f3cios de sucesso. Apresentamos a seguir 3 reflex\u00f5es de Ram Charan, que encerram em si li\u00e7\u00f5es para a carreira e lideran\u00e7a.<\/p>\n\n\n\n<h3 class=\"wp-block-heading\">\u201cExecu\u00e7\u00e3o \u00e9 uma disciplina. Nenhum atleta jamais teve sucesso sem disciplina e treino.\u201d<\/h3>\n\n\n\n<p>A lideran\u00e7a n\u00e3o \u00e9 um dom inato, mas sim o objetivo a ser alcan\u00e7ado por meio do aprendizado e da pr\u00e1tica de compet\u00eancias t\u00e9cnicas e comportamentais. Colocar em pr\u00e1tica essas capacidades de maneira consistente \u00e9 fundamental para progredir na carreira ou na expans\u00e3o dos neg\u00f3cios.<\/p>\n\n\n\n<p>A met\u00e1fora do atleta evidencia a necessidade de se disciplinar e manter o foco at\u00e9 acertar o alvo, independentemente da quantidade de tentativas at\u00e9 l\u00e1.<\/p>\n\n\n\n<h3 class=\"wp-block-heading\">\u201cO seu maior multiplicador \u00e9 ter a pessoa certa no lugar certo.\u201d<\/h3>\n\n\n\n<p>Para ser uma lideran\u00e7a competente, \u00e9 preciso saber combinar pessoas e processos da maneira mais eficiente poss\u00edvel. Para isso, conhecer os talentos e as afinidades das pessoas com quem se trabalha \u00e9 essencial.<\/p>\n\n\n\n<p>Escolher as pessoas corretas para enfrentar desafios pode ser definitivo para ganhar ou perder em produtividade ou oportunidades de neg\u00f3cio.<\/p>\n\n\n\n<p>O processo de recrutamento e sele\u00e7\u00e3o cumpre um papel important\u00edssimo, embora muitas vezes obscurecido, para nortear esse conhecimento. A \u00eanfase no perfil adequado para vagas muitas vezes d\u00e1 lugar exclusivamente \u00e0s habilidades t\u00e9cnicas dos candidatos \u2013 em especial, para posi\u00e7\u00f5es de lideran\u00e7a.<\/p>\n\n\n\n<h3 class=\"wp-block-heading\">\u201cQualquer que seja a sua estrat\u00e9gia, qualquer que seja seu neg\u00f3cio, comece de tr\u00e1s para frente. Comece pelo consumidor\u201d<\/h3>\n\n\n\n<p>Ram Charan \u00e9 tido por muitos como um \u201cguru\u201d gerencial. Isso n\u00e3o se deve apenas a sua ascend\u00eancia indiana, mas tamb\u00e9m \u00e0 capacidade que ele teve de enxergar de modo antecipado as tend\u00eancias de desenvolvimento de estrat\u00e9gias centradas no consumidor.<\/p>\n\n\n\n<p>Com o sucesso atual da Amazon e de outras pot\u00eancias digitais estabelecendo patamares para a <a href=\"https:\/\/fia.com.br\/blog\/ux-user-experience\/\" target=\"_blank\" rel=\"noreferrer noopener\">experi\u00eancia do usu\u00e1rio (UX)<\/a> e os modelos centralizados no consumidor, a preocupa\u00e7\u00e3o hoje parece muito mais palp\u00e1vel a qualquer neg\u00f3cio. Ainda assim, come\u00e7ar estudando os h\u00e1bitos, problemas e prefer\u00eancias do consumidor extensivamente \u00e9 a melhor maneira de come\u00e7ar a projetar as a\u00e7\u00f5es de uma empresa.<\/p>\n\n\n\n<h2 class=\"wp-block-heading\">Conclus\u00e3o<\/h2>\n\n\n\n<p>Neste breve texto, reproduzimos alguns rudimentos das li\u00e7\u00f5es de Ram Charan, incluindo os principais temas aos quais ele dedicou sua experi\u00eancia de seus mais de 50 anos estudando fatores que levam os neg\u00f3cios ao sucesso.<\/p>\n\n\n\n<p>Al\u00e9m de abrir a porta de entrada para um rico universo de conhecimentos em administra\u00e7\u00e3o com a leitura desse texto, voc\u00ea pode come\u00e7ar a explor\u00e1-lo mais intensamente com os cursos online ministrados por Ram Charan. Acesse-os em <a href=\"https:\/\/www.fiaonline.com.br\/\" target=\"_blank\" rel=\"noreferrer noopener\">https:\/\/www.fiaonline.com.br\/<\/a> e n\u00e3o perca a oportunidade de ser aluno do professor Charan!<\/p>\n\n\n\n<p>Siga aprofundando seus conhecimentos com as leituras sempre atualizadas sobre gest\u00e3o e carreira do <a href=\"https:\/\/graduacaofia.wpenginepowered.com\/blog\/\" target=\"_blank\" rel=\"noreferrer noopener\">blog da Gradua\u00e7\u00e3o da FIA<\/a>, e n\u00e3o deixe de compartilhar esse texto com seus amigos e colegas, se ele lhe foi \u00fatil!<\/p>\n","protected":false},"excerpt":{"rendered":"<p>O nome Ram Charan diz alguma coisa a voc\u00ea? O professor, consultor e palestrante nascido em Uttar Pradesh, \u00cdndia, \u00e9 um dos mais eminentes nomes do mundo na forma\u00e7\u00e3o de lideran\u00e7as.<br \/>\nEsse octagen\u00e1rio filho de um dono de mercearia cultivou desde cedo o interesse e a pr\u00e1tica em administra\u00e7\u00e3o e aprimoramento de talentos, que o levou a trilhar o doutorado na Universidade de Harvard e a assumir uma cadeira como docente na faculdade de Neg\u00f3cios dessa mesma institui\u00e7\u00e3o.<\/p>\n","protected":false},"author":6,"featured_media":13980,"comment_status":"open","ping_status":"open","sticky":false,"template":"","format":"standard","meta":{"_acf_changed":false,"footnotes":""},"categories":[13],"tags":[],"class_list":["post-13978","post","type-post","status-publish","format-standard","has-post-thumbnail","hentry","category-gestao-de-pessoas"],"acf":[],"yoast_head":"<!-- This site is optimized with the Yoast SEO plugin v23.5 - https:\/\/yoast.com\/wordpress\/plugins\/seo\/ -->\n<title>Conhe\u00e7a o valioso legado de Ram Charan para construir e aperfei\u00e7oar lideran\u00e7as - Gradua\u00e7\u00e3o<\/title>\n<meta name=\"robots\" content=\"index, follow, max-snippet:-1, max-image-preview:large, max-video-preview:-1\" \/>\n<link rel=\"canonical\" href=\"https:\/\/fia.com.br\/graduacao\/blog\/ram-charan\/\" \/>\n<meta property=\"og:locale\" content=\"pt_BR\" \/>\n<meta property=\"og:type\" content=\"article\" \/>\n<meta property=\"og:title\" content=\"Conhe\u00e7a o valioso legado de Ram Charan para construir e aperfei\u00e7oar lideran\u00e7as - Gradua\u00e7\u00e3o\" \/>\n<meta property=\"og:description\" content=\"O nome Ram Charan diz alguma coisa a voc\u00ea? O professor, consultor e palestrante nascido em Uttar Pradesh, \u00cdndia, \u00e9 um dos mais eminentes nomes do mundo na forma\u00e7\u00e3o de lideran\u00e7as. Esse octagen\u00e1rio filho de um dono de mercearia cultivou desde cedo o interesse e a pr\u00e1tica em administra\u00e7\u00e3o e aprimoramento de talentos, que o levou a trilhar o doutorado na Universidade de Harvard e a assumir uma cadeira como docente na faculdade de Neg\u00f3cios dessa mesma institui\u00e7\u00e3o.\" \/>\n<meta property=\"og:url\" content=\"https:\/\/fia.com.br\/graduacao\/blog\/ram-charan\/\" \/>\n<meta property=\"og:site_name\" content=\"Gradua\u00e7\u00e3o\" \/>\n<meta property=\"article:published_time\" content=\"2021-03-17T13:00:00+00:00\" \/>\n<meta property=\"og:image\" content=\"https:\/\/fia.com.br\/graduacao\/wp-content\/uploads\/sites\/6\/2021\/03\/Ram-Charan.png\" \/>\n\t<meta property=\"og:image:width\" content=\"619\" \/>\n\t<meta property=\"og:image:height\" content=\"537\" \/>\n\t<meta property=\"og:image:type\" content=\"image\/png\" \/>\n<meta name=\"author\" content=\"FIA\" \/>\n<meta name=\"twitter:card\" content=\"summary_large_image\" \/>\n<meta name=\"twitter:label1\" content=\"Escrito por\" \/>\n\t<meta name=\"twitter:data1\" content=\"FIA\" \/>\n\t<meta name=\"twitter:label2\" content=\"Est. tempo de leitura\" \/>\n\t<meta name=\"twitter:data2\" content=\"5 minutos\" \/>\n<script type=\"application\/ld+json\" class=\"yoast-schema-graph\">{\"@context\":\"https:\/\/schema.org\",\"@graph\":[{\"@type\":\"WebPage\",\"@id\":\"https:\/\/fia.com.br\/graduacao\/blog\/ram-charan\/\",\"url\":\"https:\/\/fia.com.br\/graduacao\/blog\/ram-charan\/\",\"name\":\"Conhe\u00e7a o valioso legado de Ram Charan para construir e aperfei\u00e7oar lideran\u00e7as - Gradua\u00e7\u00e3o\",\"isPartOf\":{\"@id\":\"https:\/\/fia.com.br\/graduacao\/#website\"},\"primaryImageOfPage\":{\"@id\":\"https:\/\/fia.com.br\/graduacao\/blog\/ram-charan\/#primaryimage\"},\"image\":{\"@id\":\"https:\/\/fia.com.br\/graduacao\/blog\/ram-charan\/#primaryimage\"},\"thumbnailUrl\":\"https:\/\/fia.com.br\/graduacao\/wp-content\/uploads\/sites\/6\/2021\/03\/Ram-Charan.png\",\"datePublished\":\"2021-03-17T13:00:00+00:00\",\"dateModified\":\"2021-03-17T13:00:00+00:00\",\"author\":{\"@id\":\"https:\/\/fia.com.br\/graduacao\/#\/schema\/person\/09d96b732802edb5307e35f3aca6f31b\"},\"breadcrumb\":{\"@id\":\"https:\/\/fia.com.br\/graduacao\/blog\/ram-charan\/#breadcrumb\"},\"inLanguage\":\"pt-BR\",\"potentialAction\":[{\"@type\":\"ReadAction\",\"target\":[\"https:\/\/fia.com.br\/graduacao\/blog\/ram-charan\/\"]}]},{\"@type\":\"ImageObject\",\"inLanguage\":\"pt-BR\",\"@id\":\"https:\/\/fia.com.br\/graduacao\/blog\/ram-charan\/#primaryimage\",\"url\":\"https:\/\/fia.com.br\/graduacao\/wp-content\/uploads\/sites\/6\/2021\/03\/Ram-Charan.png\",\"contentUrl\":\"https:\/\/fia.com.br\/graduacao\/wp-content\/uploads\/sites\/6\/2021\/03\/Ram-Charan.png\",\"width\":619,\"height\":537,\"caption\":\"Conhe\u00e7a o valioso legado de Ram Charan para construir e aperfei\u00e7oar lideran\u00e7as\"},{\"@type\":\"BreadcrumbList\",\"@id\":\"https:\/\/fia.com.br\/graduacao\/blog\/ram-charan\/#breadcrumb\",\"itemListElement\":[{\"@type\":\"ListItem\",\"position\":1,\"name\":\"In\u00edcio\",\"item\":\"https:\/\/fia.com.br\/graduacao\/\"},{\"@type\":\"ListItem\",\"position\":2,\"name\":\"Conhe\u00e7a o valioso legado de Ram Charan para construir e aperfei\u00e7oar lideran\u00e7as\"}]},{\"@type\":\"WebSite\",\"@id\":\"https:\/\/fia.com.br\/graduacao\/#website\",\"url\":\"https:\/\/fia.com.br\/graduacao\/\",\"name\":\"FIA\",\"description\":\"FIA - Funda\u00e7\u00e3o Instituto de Administra\u00e7\u00e3o\",\"potentialAction\":[{\"@type\":\"SearchAction\",\"target\":{\"@type\":\"EntryPoint\",\"urlTemplate\":\"https:\/\/fia.com.br\/graduacao\/?s={search_term_string}\"},\"query-input\":{\"@type\":\"PropertyValueSpecification\",\"valueRequired\":true,\"valueName\":\"search_term_string\"}}],\"inLanguage\":\"pt-BR\"},{\"@type\":\"Person\",\"@id\":\"https:\/\/fia.com.br\/graduacao\/#\/schema\/person\/09d96b732802edb5307e35f3aca6f31b\",\"name\":\"FIA\",\"image\":{\"@type\":\"ImageObject\",\"inLanguage\":\"pt-BR\",\"@id\":\"https:\/\/fia.com.br\/graduacao\/#\/schema\/person\/image\/\",\"url\":\"https:\/\/secure.gravatar.com\/avatar\/b51150cc482a9fcb93d232c2a66e1f1c4dd3300ea21b8e732bfb1a73f707b6de?s=96&d=mm&r=g\",\"contentUrl\":\"https:\/\/secure.gravatar.com\/avatar\/b51150cc482a9fcb93d232c2a66e1f1c4dd3300ea21b8e732bfb1a73f707b6de?s=96&d=mm&r=g\",\"caption\":\"FIA\"},\"description\":\"Com um olhar sempre no futuro, desenvolvemos e disseminamos conhecimentos de teorias e m\u00e9todos de Administra\u00e7\u00e3o de Empresas, aperfei\u00e7oando o desempenho das institui\u00e7\u00f5es brasileiras atrav\u00e9s de tr\u00eas linhas b\u00e1sicas de atividade: Educa\u00e7\u00e3o Executiva, Pesquisa e Consultoria.\",\"url\":\"https:\/\/fia.com.br\/graduacao\/blog\/author\/fia\/\"}]}<\/script>\n<!-- \/ Yoast SEO plugin. -->","yoast_head_json":{"title":"Conhe\u00e7a o valioso legado de Ram Charan para construir e aperfei\u00e7oar lideran\u00e7as - Gradua\u00e7\u00e3o","robots":{"index":"index","follow":"follow","max-snippet":"max-snippet:-1","max-image-preview":"max-image-preview:large","max-video-preview":"max-video-preview:-1"},"canonical":"https:\/\/fia.com.br\/graduacao\/blog\/ram-charan\/","og_locale":"pt_BR","og_type":"article","og_title":"Conhe\u00e7a o valioso legado de Ram Charan para construir e aperfei\u00e7oar lideran\u00e7as - Gradua\u00e7\u00e3o","og_description":"O nome Ram Charan diz alguma coisa a voc\u00ea? O professor, consultor e palestrante nascido em Uttar Pradesh, \u00cdndia, \u00e9 um dos mais eminentes nomes do mundo na forma\u00e7\u00e3o de lideran\u00e7as. Esse octagen\u00e1rio filho de um dono de mercearia cultivou desde cedo o interesse e a pr\u00e1tica em administra\u00e7\u00e3o e aprimoramento de talentos, que o levou a trilhar o doutorado na Universidade de Harvard e a assumir uma cadeira como docente na faculdade de Neg\u00f3cios dessa mesma institui\u00e7\u00e3o.","og_url":"https:\/\/fia.com.br\/graduacao\/blog\/ram-charan\/","og_site_name":"Gradua\u00e7\u00e3o","article_published_time":"2021-03-17T13:00:00+00:00","og_image":[{"width":619,"height":537,"url":"https:\/\/fia.com.br\/graduacao\/wp-content\/uploads\/sites\/6\/2021\/03\/Ram-Charan.png","type":"image\/png"}],"author":"FIA","twitter_card":"summary_large_image","twitter_misc":{"Escrito por":"FIA","Est. tempo de leitura":"5 minutos"},"schema":{"@context":"https:\/\/schema.org","@graph":[{"@type":"WebPage","@id":"https:\/\/fia.com.br\/graduacao\/blog\/ram-charan\/","url":"https:\/\/fia.com.br\/graduacao\/blog\/ram-charan\/","name":"Conhe\u00e7a o valioso legado de Ram Charan para construir e aperfei\u00e7oar lideran\u00e7as - Gradua\u00e7\u00e3o","isPartOf":{"@id":"https:\/\/fia.com.br\/graduacao\/#website"},"primaryImageOfPage":{"@id":"https:\/\/fia.com.br\/graduacao\/blog\/ram-charan\/#primaryimage"},"image":{"@id":"https:\/\/fia.com.br\/graduacao\/blog\/ram-charan\/#primaryimage"},"thumbnailUrl":"https:\/\/fia.com.br\/graduacao\/wp-content\/uploads\/sites\/6\/2021\/03\/Ram-Charan.png","datePublished":"2021-03-17T13:00:00+00:00","dateModified":"2021-03-17T13:00:00+00:00","author":{"@id":"https:\/\/fia.com.br\/graduacao\/#\/schema\/person\/09d96b732802edb5307e35f3aca6f31b"},"breadcrumb":{"@id":"https:\/\/fia.com.br\/graduacao\/blog\/ram-charan\/#breadcrumb"},"inLanguage":"pt-BR","potentialAction":[{"@type":"ReadAction","target":["https:\/\/fia.com.br\/graduacao\/blog\/ram-charan\/"]}]},{"@type":"ImageObject","inLanguage":"pt-BR","@id":"https:\/\/fia.com.br\/graduacao\/blog\/ram-charan\/#primaryimage","url":"https:\/\/fia.com.br\/graduacao\/wp-content\/uploads\/sites\/6\/2021\/03\/Ram-Charan.png","contentUrl":"https:\/\/fia.com.br\/graduacao\/wp-content\/uploads\/sites\/6\/2021\/03\/Ram-Charan.png","width":619,"height":537,"caption":"Conhe\u00e7a o valioso legado de Ram Charan para construir e aperfei\u00e7oar lideran\u00e7as"},{"@type":"BreadcrumbList","@id":"https:\/\/fia.com.br\/graduacao\/blog\/ram-charan\/#breadcrumb","itemListElement":[{"@type":"ListItem","position":1,"name":"In\u00edcio","item":"https:\/\/fia.com.br\/graduacao\/"},{"@type":"ListItem","position":2,"name":"Conhe\u00e7a o valioso legado de Ram Charan para construir e aperfei\u00e7oar lideran\u00e7as"}]},{"@type":"WebSite","@id":"https:\/\/fia.com.br\/graduacao\/#website","url":"https:\/\/fia.com.br\/graduacao\/","name":"FIA","description":"FIA - Funda\u00e7\u00e3o Instituto de Administra\u00e7\u00e3o","potentialAction":[{"@type":"SearchAction","target":{"@type":"EntryPoint","urlTemplate":"https:\/\/fia.com.br\/graduacao\/?s={search_term_string}"},"query-input":{"@type":"PropertyValueSpecification","valueRequired":true,"valueName":"search_term_string"}}],"inLanguage":"pt-BR"},{"@type":"Person","@id":"https:\/\/fia.com.br\/graduacao\/#\/schema\/person\/09d96b732802edb5307e35f3aca6f31b","name":"FIA","image":{"@type":"ImageObject","inLanguage":"pt-BR","@id":"https:\/\/fia.com.br\/graduacao\/#\/schema\/person\/image\/","url":"https:\/\/secure.gravatar.com\/avatar\/b51150cc482a9fcb93d232c2a66e1f1c4dd3300ea21b8e732bfb1a73f707b6de?s=96&d=mm&r=g","contentUrl":"https:\/\/secure.gravatar.com\/avatar\/b51150cc482a9fcb93d232c2a66e1f1c4dd3300ea21b8e732bfb1a73f707b6de?s=96&d=mm&r=g","caption":"FIA"},"description":"Com um olhar sempre no futuro, desenvolvemos e disseminamos conhecimentos de teorias e m\u00e9todos de Administra\u00e7\u00e3o de Empresas, aperfei\u00e7oando o desempenho das institui\u00e7\u00f5es brasileiras atrav\u00e9s de tr\u00eas linhas b\u00e1sicas de atividade: Educa\u00e7\u00e3o Executiva, Pesquisa e Consultoria.","url":"https:\/\/fia.com.br\/graduacao\/blog\/author\/fia\/"}]}},"_links":{"self":[{"href":"https:\/\/fia.com.br\/graduacao\/wp-json\/wp\/v2\/posts\/13978","targetHints":{"allow":["GET"]}}],"collection":[{"href":"https:\/\/fia.com.br\/graduacao\/wp-json\/wp\/v2\/posts"}],"about":[{"href":"https:\/\/fia.com.br\/graduacao\/wp-json\/wp\/v2\/types\/post"}],"author":[{"embeddable":true,"href":"https:\/\/fia.com.br\/graduacao\/wp-json\/wp\/v2\/users\/6"}],"replies":[{"embeddable":true,"href":"https:\/\/fia.com.br\/graduacao\/wp-json\/wp\/v2\/comments?post=13978"}],"version-history":[{"count":0,"href":"https:\/\/fia.com.br\/graduacao\/wp-json\/wp\/v2\/posts\/13978\/revisions"}],"wp:featuredmedia":[{"embeddable":true,"href":"https:\/\/fia.com.br\/graduacao\/wp-json\/wp\/v2\/media\/13980"}],"wp:attachment":[{"href":"https:\/\/fia.com.br\/graduacao\/wp-json\/wp\/v2\/media?parent=13978"}],"wp:term":[{"taxonomy":"category","embeddable":true,"href":"https:\/\/fia.com.br\/graduacao\/wp-json\/wp\/v2\/categories?post=13978"},{"taxonomy":"post_tag","embeddable":true,"href":"https:\/\/fia.com.br\/graduacao\/wp-json\/wp\/v2\/tags?post=13978"}],"curies":[{"name":"wp","href":"https:\/\/api.w.org\/{rel}","templated":true}]}}