{"id":13909,"date":"2021-01-27T10:00:18","date_gmt":"2021-01-27T13:00:18","guid":{"rendered":"https:\/\/graduacaofia.wpenginepowered.com\/?p=13909"},"modified":"2021-01-27T10:00:18","modified_gmt":"2021-01-27T13:00:18","slug":"inovacao","status":"publish","type":"post","link":"https:\/\/fia.com.br\/graduacao\/blog\/inovacao\/","title":{"rendered":"A inova\u00e7\u00e3o intensificou; como n\u00e3o ficar para tr\u00e1s no mercado"},"content":{"rendered":"\n<p>A busca pela reinven\u00e7\u00e3o \u00e9 uma necessidade tanto para produtos e servi\u00e7os quanto para empresas e profissionais. Esse objetivo pode ser buscado com maior ou menor intensidade, mas ganhou velocidade in\u00e9dita com a chegada da pandemia global de 2020.<\/p>\n\n\n\n<p>Recentemente, deu-se o apelido de \u201cnovo normal\u201d a essa necessidade de inovar ainda mais do que era a norma antes dessa trag\u00e9dia sanit\u00e1ria exercer sua influ\u00eancia sobre o mundo.<\/p>\n\n\n\n<p>No entanto, para adequar-se \u00e0s novas expectativas de inova\u00e7\u00e3o, conv\u00e9m entender quando, por que inovar e at\u00e9 mesmo repassar o conceito de inova\u00e7\u00e3o.<\/p>\n\n\n\n<h2 class=\"wp-block-heading\">O que \u00e9 inovar<\/h2>\n\n\n\n<p>Um verbete de dicion\u00e1rio de l\u00edngua portuguesa traz as seguintes defini\u00e7\u00f5es para inova\u00e7\u00e3o:<\/p>\n\n\n\n<ul>\n \t<li style=\"list-style-type: none\">\n<ul class=\"flat-list style1\">\n \t<li><strong>Inova\u00e7\u00e3o<\/strong>: ato ou efeito de inovar<\/li>\n \t<li><strong>Inovar<\/strong>: produzir ou tornar algo novo, renovar, restaurar.<\/li>\n \t<\/ul>\n\n\n\n<p>Nessa acep\u00e7\u00e3o, a ideia convencional de que inovar equivale a criar algo novo ganha um significado complementar de transforma\u00e7\u00e3o, ressignifica\u00e7\u00e3o, reforma.<\/p>\n\n\n\n<p>Em segundo lugar, podemos recorrer \u00e0 no\u00e7\u00e3o de Michael Porter sobre inova\u00e7\u00e3o. Porter \u00e9 o <a href=\"https:\/\/pt.wikipedia.org\/wiki\/Michael_Porter\" target=\"_blank\" rel=\"noreferrer noopener\">autor do modelo 5 For\u00e7as de Porter<\/a> sobre enfrentamento da concorr\u00eancia, no qual \u201cempresas devem ser flex\u00edveis para reagir com rapidez \u00e0s mudan\u00e7as competitivas do mercado\u201d.<\/p>\n\n\n\n<p>As cinco for\u00e7as do modelo s\u00e3o:<\/p>\n\n\n\n<ol class=\"wp-block-list\" type=\"1\"><li>Rivalidade entre concorrentes<\/li><li>Poder de barganha dos fornecedores<\/li><li>Poder de barganha dos clientes<\/li><li>Amea\u00e7a de novos concorrentes<\/li><li>Amea\u00e7a de novos produtos ou servi\u00e7os<\/li><\/ol>\n\n\n\n<p>Esses \u201cpilares\u201d devem ser mantidos sempre em mente para perseguir um <strong>pensamento inovador<\/strong>. Seguindo nossa defini\u00e7\u00e3o de dicion\u00e1rio, essa inova\u00e7\u00e3o pode ser aplicada tanto \u00e0 cria\u00e7\u00e3o de novos produtos e servi\u00e7os quanto \u00e0 elabora\u00e7\u00e3o de outras formas de pensamento ou utilidade \u2013 a inova\u00e7\u00e3o de se manifesta de v\u00e1rias formas.<\/p>\n\n\n\n<h2 class=\"wp-block-heading\">Os tipos de inova\u00e7\u00e3o<\/h2>\n\n\n\n<p>Podemos esquematizar a inova\u00e7\u00e3o em tr\u00eas g\u00eaneros, que implicam a\u00e7\u00f5es e consequ\u00eancias diferentes:<\/p>\n\n\n\n<h3 class=\"wp-block-heading\">1. Produto<\/h3>\n\n\n\n<p>A elabora\u00e7\u00e3o do ciclo de vida do produto \u00e9 a chave deste tipo de inova\u00e7\u00e3o, que \u00e9 promovida por empresas.<\/p>\n\n\n\n<p>Junto com essa estrutura\u00e7\u00e3o, tamb\u00e9m \u00e9 definida uma estrat\u00e9gia de lan\u00e7amentos de novos produtos \u2013 din\u00e2mica bastante sentido no lan\u00e7amento de novas vers\u00f5es de telefones celulares, por exemplo.<\/p>\n\n\n\n<p>Identificar os diferenciais do produto ajudar\u00e1 a criar a necessidade no consumidor pelo produto lan\u00e7ado.<\/p>\n\n\n\n<h3 class=\"wp-block-heading\">2. Processo<\/h3>\n\n\n\n<p>As novas tecnologias s\u00e3o centrais para este tipo de inova\u00e7\u00e3o: reduz custos e traz efici\u00eancia de processos para a marca. \u00c9 o caso da implanta\u00e7\u00e3o de novos <a href=\"https:\/\/graduacaofia.wpenginepowered.com\/blog\/fundamentos-da-gestao-de-dados\/\" target=\"_blank\" rel=\"noreferrer noopener\">sistemas de gest\u00e3o<\/a> numa empresa, por exemplo.<\/p>\n\n\n\n<h3 class=\"wp-block-heading\">3. Modelo de neg\u00f3cio<\/h3>\n\n\n\n<p>Tanto um neg\u00f3cio quanto um profissional podem aderir a este tipo de inova\u00e7\u00e3o. No caso dos indiv\u00edduos, atualiza\u00e7\u00f5es podem ser aplicadas \u00e0 elabora\u00e7\u00e3o de <a href=\"https:\/\/fia.com.br\/blog\/plano-de-carreira\/\" target=\"_blank\" rel=\"noreferrer noopener\">novos planos de carreira<\/a> e de cursos de atualiza\u00e7\u00e3o, por exemplo.<\/p>\n\n\n\n<p>J\u00e1 numa empresa, as novidades num modelo de neg\u00f3cio podem vir na forma da abertura de novos mercados, na defini\u00e7\u00e3o de novos produtos ou servi\u00e7os ou na descontinuidade deles.<\/p>\n\n\n\n<h2 class=\"wp-block-heading\">As particularidades de inovar hoje<\/h2>\n\n\n\n<p>A chegada avassaladora de circunst\u00e2ncias at\u00edpicas sobre a economia teve efeito heterog\u00eaneo sobre neg\u00f3cios e empresas. Olhando de modo geral, o efeito claramente foi negativo, tolhendo o potencial de gera\u00e7\u00e3o de riqueza e impondo entraves in\u00e9ditos para o fechamento de neg\u00f3cios.<\/p>\n\n\n\n<p>Por\u00e9m, uma vis\u00e3o particularizada do enfrentamento dessas adversidades pode mostrar que algumas empresas e profissionais conseguiram evoluir e encontrar novas maneiras de atuar nesse novo contexto de trabalho.<\/p>\n\n\n\n<p>De fato, a capacidade de <strong>passar por ciclos mais r\u00e1pidos de inova\u00e7\u00e3o<\/strong> foi, e deve seguir sendo, o diferencial organizacional de organiza\u00e7\u00f5es e trabalhadores a partir de agora.<\/p>\n\n\n\n<p>Alguns aspectos das novas formas de atua\u00e7\u00e3o que deram resultado para empresas que souberam inovar foram:<\/p>\n\n\n\n<ul>\n \t<li style=\"list-style-type: none\">\n<ul class=\"flat-list style1\">\n \t<li>Lan\u00e7ar novos produtos e servi\u00e7os<\/li>\n \t<li>Seguir para o mercado online<\/li>\n \t<li>Readequar estruturas<\/li>\n        <li>Ouvir os consumidores.<\/li>\n \t<\/ul>\n\n\n\n<p>Por outro lado, do ponto de vista do indiv\u00edduo profissional, o pensamento e a atitude inovadores geralmente est\u00e1 ligado \u00e0 capacidade de criar e colocar em pr\u00e1tica novas ideias.<\/p>\n\n\n\n<p>Naturalmente, esse comportamento empreendedor vem acompanhado da abertura \u00e0 possibilidade de errar e \u00e0 tomada de riscos. Nesse contexto, uma boa vis\u00e3o administrativa foi, \u00e9 e seguir\u00e1 sendo um diferencial de grande valia.<\/p>\n\n\n\n<h2 class=\"wp-block-heading\">Habilidades de profissionais inovadores<\/h2>\n\n\n\n<p>Claramente, nem todo mundo empreende. Mas uma capacidade inovadora tamb\u00e9m entra no radar de organiza\u00e7\u00f5es que buscam novos profissionais. A presen\u00e7a de sete <a href=\"https:\/\/fia.com.br\/blog\/competencias-e-habilidades\/\" target=\"_blank\" rel=\"noreferrer noopener\">habilidades num indiv\u00edduo<\/a> pode fazer a diferen\u00e7a para se posicionar nessa busca:<\/p>\n\n\n\n<ul>\n \t<li style=\"list-style-type: none\">\n<ul class=\"flat-list style1\">\n \t<li>Curiosidade<\/li>\n \t<li>Associa\u00e7\u00e3o<\/li>\n \t<li>Observa\u00e7\u00e3o<\/li>\n        <li>Proatividade<\/li>\n        <li><a href=\"https:\/\/fia.com.br\/blog\/networking\/\" target=\"_blank\" rel=\"noreferrer noopener\">Networking<\/a><\/li>\n        <li>Atualiza\u00e7\u00e3o<\/li>\n        <li><a href=\"https:\/\/graduacaofia.wpenginepowered.com\/blog\/pensamento-critico\/\" target=\"_blank\" rel=\"noreferrer noopener\">Pensamento cr\u00edtico.<\/a><\/li>\n \t<\/ul>\n\n\n\n<p>Profissionais com essas habilidades encontrar\u00e3o ambientes f\u00e9rteis, no atual contexto, somente em empresas que conseguem cultivar um ambiente prop\u00edcio \u00e0 inova\u00e7\u00e3o. Equipes multidisciplinares que favorecem uma intera\u00e7\u00e3o produtiva entre esses indiv\u00edduos t\u00eam boas chances de promover ciclos r\u00e1pidos de inova\u00e7\u00e3o.<\/p>\n\n\n\n<p>Por outro lado, empresas com poucos profissionais que re\u00fanam essas habilidades geralmente t\u00eam um ciclo mais lento de inova\u00e7\u00e3o, e tendem favorecer o avan\u00e7o dos concorrentes ao competir no mercado.<\/p>\n\n\n\n<h2 class=\"wp-block-heading\">Conclus\u00e3o<\/h2>\n\n\n\n<p>Portanto, somente \u00e9 poss\u00edvel inovar na nova realidade que se afigura regando o normal com a semente da inova\u00e7\u00e3o.<\/p>\n\n\n\n<p>Fortalecer desde j\u00e1 as potencialidades de sucesso tamb\u00e9m trar\u00e1 reflexos na felicidade, na sustentabilidade e no prazer do cotidiano. <\/p>\n\n\n\n<p>Conhe\u00e7a mais sobre inova\u00e7\u00e3o, administra\u00e7\u00e3o e insights sobre outros temas relacionados no <a href=\"https:\/\/graduacaofia.wpenginepowered.com\/blog\/\" target=\"_blank\" rel=\"noreferrer noopener\">blog da Gradua\u00e7\u00e3o da FIA<\/a>. Caso este artigo tenha sido \u00fatil, compartilhe-o com seus contatos.<\/p>\n","protected":false},"excerpt":{"rendered":"<p>A busca pela reinven\u00e7\u00e3o \u00e9 uma necessidade tanto para produtos e servi\u00e7os quanto para empresas e profissionais. Esse objetivo pode ser buscado com maior ou menor intensidade, mas ganhou velocidade in\u00e9dita com a chegada da pandemia global de 2020.<br \/>\nRecentemente, deu-se o apelido de \u201cnovo normal\u201d a essa necessidade de inovar ainda mais do que era a norma antes dessa trag\u00e9dia sanit\u00e1ria exercer sua influ\u00eancia sobre o mundo.<br \/>\nNo entanto, para adequar-se \u00e0s novas expectativas de inova\u00e7\u00e3o, conv\u00e9m entender quando, por que inovar e at\u00e9 mesmo repassar o conceito de inova\u00e7\u00e3o.<\/p>\n","protected":false},"author":6,"featured_media":13915,"comment_status":"open","ping_status":"open","sticky":false,"template":"","format":"standard","meta":{"_acf_changed":false,"footnotes":""},"categories":[15],"tags":[],"class_list":["post-13909","post","type-post","status-publish","format-standard","has-post-thumbnail","hentry","category-inovacao"],"acf":[],"yoast_head":"<!-- This site is optimized with the Yoast SEO plugin v23.5 - https:\/\/yoast.com\/wordpress\/plugins\/seo\/ -->\n<title>A inova\u00e7\u00e3o intensificou; como n\u00e3o ficar para tr\u00e1s no mercado - Gradua\u00e7\u00e3o<\/title>\n<meta name=\"robots\" content=\"index, follow, max-snippet:-1, max-image-preview:large, max-video-preview:-1\" \/>\n<link rel=\"canonical\" href=\"https:\/\/fia.com.br\/graduacao\/blog\/inovacao\/\" \/>\n<meta property=\"og:locale\" content=\"pt_BR\" \/>\n<meta property=\"og:type\" content=\"article\" \/>\n<meta property=\"og:title\" content=\"A inova\u00e7\u00e3o intensificou; como n\u00e3o ficar para tr\u00e1s no mercado - Gradua\u00e7\u00e3o\" \/>\n<meta property=\"og:description\" content=\"A busca pela reinven\u00e7\u00e3o \u00e9 uma necessidade tanto para produtos e servi\u00e7os quanto para empresas e profissionais. Esse objetivo pode ser buscado com maior ou menor intensidade, mas ganhou velocidade in\u00e9dita com a chegada da pandemia global de 2020. Recentemente, deu-se o apelido de \u201cnovo normal\u201d a essa necessidade de inovar ainda mais do que era a norma antes dessa trag\u00e9dia sanit\u00e1ria exercer sua influ\u00eancia sobre o mundo. No entanto, para adequar-se \u00e0s novas expectativas de inova\u00e7\u00e3o, conv\u00e9m entender quando, por que inovar e at\u00e9 mesmo repassar o conceito de inova\u00e7\u00e3o.\" \/>\n<meta property=\"og:url\" content=\"https:\/\/fia.com.br\/graduacao\/blog\/inovacao\/\" \/>\n<meta property=\"og:site_name\" content=\"Gradua\u00e7\u00e3o\" \/>\n<meta property=\"article:published_time\" content=\"2021-01-27T13:00:18+00:00\" \/>\n<meta property=\"og:image\" content=\"https:\/\/fia.com.br\/graduacao\/wp-content\/uploads\/sites\/6\/2021\/01\/think-outside-the-box-on-school-green-blackboard-startup-education-picture-id1179730296.jpg\" \/>\n\t<meta property=\"og:image:width\" content=\"1200\" \/>\n\t<meta property=\"og:image:height\" content=\"675\" \/>\n\t<meta property=\"og:image:type\" content=\"image\/jpeg\" \/>\n<meta name=\"author\" content=\"FIA\" \/>\n<meta name=\"twitter:card\" content=\"summary_large_image\" \/>\n<meta name=\"twitter:label1\" content=\"Escrito por\" \/>\n\t<meta name=\"twitter:data1\" content=\"FIA\" \/>\n\t<meta name=\"twitter:label2\" content=\"Est. tempo de leitura\" \/>\n\t<meta name=\"twitter:data2\" content=\"5 minutos\" \/>\n<script type=\"application\/ld+json\" class=\"yoast-schema-graph\">{\"@context\":\"https:\/\/schema.org\",\"@graph\":[{\"@type\":\"WebPage\",\"@id\":\"https:\/\/fia.com.br\/graduacao\/blog\/inovacao\/\",\"url\":\"https:\/\/fia.com.br\/graduacao\/blog\/inovacao\/\",\"name\":\"A inova\u00e7\u00e3o intensificou; como n\u00e3o ficar para tr\u00e1s no mercado - Gradua\u00e7\u00e3o\",\"isPartOf\":{\"@id\":\"https:\/\/fia.com.br\/graduacao\/#website\"},\"primaryImageOfPage\":{\"@id\":\"https:\/\/fia.com.br\/graduacao\/blog\/inovacao\/#primaryimage\"},\"image\":{\"@id\":\"https:\/\/fia.com.br\/graduacao\/blog\/inovacao\/#primaryimage\"},\"thumbnailUrl\":\"https:\/\/fia.com.br\/graduacao\/wp-content\/uploads\/sites\/6\/2021\/01\/think-outside-the-box-on-school-green-blackboard-startup-education-picture-id1179730296.jpg\",\"datePublished\":\"2021-01-27T13:00:18+00:00\",\"dateModified\":\"2021-01-27T13:00:18+00:00\",\"author\":{\"@id\":\"https:\/\/fia.com.br\/graduacao\/#\/schema\/person\/09d96b732802edb5307e35f3aca6f31b\"},\"breadcrumb\":{\"@id\":\"https:\/\/fia.com.br\/graduacao\/blog\/inovacao\/#breadcrumb\"},\"inLanguage\":\"pt-BR\",\"potentialAction\":[{\"@type\":\"ReadAction\",\"target\":[\"https:\/\/fia.com.br\/graduacao\/blog\/inovacao\/\"]}]},{\"@type\":\"ImageObject\",\"inLanguage\":\"pt-BR\",\"@id\":\"https:\/\/fia.com.br\/graduacao\/blog\/inovacao\/#primaryimage\",\"url\":\"https:\/\/fia.com.br\/graduacao\/wp-content\/uploads\/sites\/6\/2021\/01\/think-outside-the-box-on-school-green-blackboard-startup-education-picture-id1179730296.jpg\",\"contentUrl\":\"https:\/\/fia.com.br\/graduacao\/wp-content\/uploads\/sites\/6\/2021\/01\/think-outside-the-box-on-school-green-blackboard-startup-education-picture-id1179730296.jpg\",\"width\":1200,\"height\":675,\"caption\":\"A inova\u00e7\u00e3o intensificou; como n\u00e3o ficar para tr\u00e1s no mercado\"},{\"@type\":\"BreadcrumbList\",\"@id\":\"https:\/\/fia.com.br\/graduacao\/blog\/inovacao\/#breadcrumb\",\"itemListElement\":[{\"@type\":\"ListItem\",\"position\":1,\"name\":\"In\u00edcio\",\"item\":\"https:\/\/fia.com.br\/graduacao\/\"},{\"@type\":\"ListItem\",\"position\":2,\"name\":\"A inova\u00e7\u00e3o intensificou; como n\u00e3o ficar para tr\u00e1s no mercado\"}]},{\"@type\":\"WebSite\",\"@id\":\"https:\/\/fia.com.br\/graduacao\/#website\",\"url\":\"https:\/\/fia.com.br\/graduacao\/\",\"name\":\"FIA\",\"description\":\"FIA - Funda\u00e7\u00e3o Instituto de Administra\u00e7\u00e3o\",\"potentialAction\":[{\"@type\":\"SearchAction\",\"target\":{\"@type\":\"EntryPoint\",\"urlTemplate\":\"https:\/\/fia.com.br\/graduacao\/?s={search_term_string}\"},\"query-input\":{\"@type\":\"PropertyValueSpecification\",\"valueRequired\":true,\"valueName\":\"search_term_string\"}}],\"inLanguage\":\"pt-BR\"},{\"@type\":\"Person\",\"@id\":\"https:\/\/fia.com.br\/graduacao\/#\/schema\/person\/09d96b732802edb5307e35f3aca6f31b\",\"name\":\"FIA\",\"image\":{\"@type\":\"ImageObject\",\"inLanguage\":\"pt-BR\",\"@id\":\"https:\/\/fia.com.br\/graduacao\/#\/schema\/person\/image\/\",\"url\":\"https:\/\/secure.gravatar.com\/avatar\/b51150cc482a9fcb93d232c2a66e1f1c4dd3300ea21b8e732bfb1a73f707b6de?s=96&d=mm&r=g\",\"contentUrl\":\"https:\/\/secure.gravatar.com\/avatar\/b51150cc482a9fcb93d232c2a66e1f1c4dd3300ea21b8e732bfb1a73f707b6de?s=96&d=mm&r=g\",\"caption\":\"FIA\"},\"description\":\"Com um olhar sempre no futuro, desenvolvemos e disseminamos conhecimentos de teorias e m\u00e9todos de Administra\u00e7\u00e3o de Empresas, aperfei\u00e7oando o desempenho das institui\u00e7\u00f5es brasileiras atrav\u00e9s de tr\u00eas linhas b\u00e1sicas de atividade: Educa\u00e7\u00e3o Executiva, Pesquisa e Consultoria.\",\"url\":\"https:\/\/fia.com.br\/graduacao\/blog\/author\/fia\/\"}]}<\/script>\n<!-- \/ Yoast SEO plugin. -->","yoast_head_json":{"title":"A inova\u00e7\u00e3o intensificou; como n\u00e3o ficar para tr\u00e1s no mercado - Gradua\u00e7\u00e3o","robots":{"index":"index","follow":"follow","max-snippet":"max-snippet:-1","max-image-preview":"max-image-preview:large","max-video-preview":"max-video-preview:-1"},"canonical":"https:\/\/fia.com.br\/graduacao\/blog\/inovacao\/","og_locale":"pt_BR","og_type":"article","og_title":"A inova\u00e7\u00e3o intensificou; como n\u00e3o ficar para tr\u00e1s no mercado - Gradua\u00e7\u00e3o","og_description":"A busca pela reinven\u00e7\u00e3o \u00e9 uma necessidade tanto para produtos e servi\u00e7os quanto para empresas e profissionais. Esse objetivo pode ser buscado com maior ou menor intensidade, mas ganhou velocidade in\u00e9dita com a chegada da pandemia global de 2020. Recentemente, deu-se o apelido de \u201cnovo normal\u201d a essa necessidade de inovar ainda mais do que era a norma antes dessa trag\u00e9dia sanit\u00e1ria exercer sua influ\u00eancia sobre o mundo. No entanto, para adequar-se \u00e0s novas expectativas de inova\u00e7\u00e3o, conv\u00e9m entender quando, por que inovar e at\u00e9 mesmo repassar o conceito de inova\u00e7\u00e3o.","og_url":"https:\/\/fia.com.br\/graduacao\/blog\/inovacao\/","og_site_name":"Gradua\u00e7\u00e3o","article_published_time":"2021-01-27T13:00:18+00:00","og_image":[{"width":1200,"height":675,"url":"https:\/\/fia.com.br\/graduacao\/wp-content\/uploads\/sites\/6\/2021\/01\/think-outside-the-box-on-school-green-blackboard-startup-education-picture-id1179730296.jpg","type":"image\/jpeg"}],"author":"FIA","twitter_card":"summary_large_image","twitter_misc":{"Escrito por":"FIA","Est. tempo de leitura":"5 minutos"},"schema":{"@context":"https:\/\/schema.org","@graph":[{"@type":"WebPage","@id":"https:\/\/fia.com.br\/graduacao\/blog\/inovacao\/","url":"https:\/\/fia.com.br\/graduacao\/blog\/inovacao\/","name":"A inova\u00e7\u00e3o intensificou; como n\u00e3o ficar para tr\u00e1s no mercado - Gradua\u00e7\u00e3o","isPartOf":{"@id":"https:\/\/fia.com.br\/graduacao\/#website"},"primaryImageOfPage":{"@id":"https:\/\/fia.com.br\/graduacao\/blog\/inovacao\/#primaryimage"},"image":{"@id":"https:\/\/fia.com.br\/graduacao\/blog\/inovacao\/#primaryimage"},"thumbnailUrl":"https:\/\/fia.com.br\/graduacao\/wp-content\/uploads\/sites\/6\/2021\/01\/think-outside-the-box-on-school-green-blackboard-startup-education-picture-id1179730296.jpg","datePublished":"2021-01-27T13:00:18+00:00","dateModified":"2021-01-27T13:00:18+00:00","author":{"@id":"https:\/\/fia.com.br\/graduacao\/#\/schema\/person\/09d96b732802edb5307e35f3aca6f31b"},"breadcrumb":{"@id":"https:\/\/fia.com.br\/graduacao\/blog\/inovacao\/#breadcrumb"},"inLanguage":"pt-BR","potentialAction":[{"@type":"ReadAction","target":["https:\/\/fia.com.br\/graduacao\/blog\/inovacao\/"]}]},{"@type":"ImageObject","inLanguage":"pt-BR","@id":"https:\/\/fia.com.br\/graduacao\/blog\/inovacao\/#primaryimage","url":"https:\/\/fia.com.br\/graduacao\/wp-content\/uploads\/sites\/6\/2021\/01\/think-outside-the-box-on-school-green-blackboard-startup-education-picture-id1179730296.jpg","contentUrl":"https:\/\/fia.com.br\/graduacao\/wp-content\/uploads\/sites\/6\/2021\/01\/think-outside-the-box-on-school-green-blackboard-startup-education-picture-id1179730296.jpg","width":1200,"height":675,"caption":"A inova\u00e7\u00e3o intensificou; como n\u00e3o ficar para tr\u00e1s no mercado"},{"@type":"BreadcrumbList","@id":"https:\/\/fia.com.br\/graduacao\/blog\/inovacao\/#breadcrumb","itemListElement":[{"@type":"ListItem","position":1,"name":"In\u00edcio","item":"https:\/\/fia.com.br\/graduacao\/"},{"@type":"ListItem","position":2,"name":"A inova\u00e7\u00e3o intensificou; como n\u00e3o ficar para tr\u00e1s no mercado"}]},{"@type":"WebSite","@id":"https:\/\/fia.com.br\/graduacao\/#website","url":"https:\/\/fia.com.br\/graduacao\/","name":"FIA","description":"FIA - Funda\u00e7\u00e3o Instituto de Administra\u00e7\u00e3o","potentialAction":[{"@type":"SearchAction","target":{"@type":"EntryPoint","urlTemplate":"https:\/\/fia.com.br\/graduacao\/?s={search_term_string}"},"query-input":{"@type":"PropertyValueSpecification","valueRequired":true,"valueName":"search_term_string"}}],"inLanguage":"pt-BR"},{"@type":"Person","@id":"https:\/\/fia.com.br\/graduacao\/#\/schema\/person\/09d96b732802edb5307e35f3aca6f31b","name":"FIA","image":{"@type":"ImageObject","inLanguage":"pt-BR","@id":"https:\/\/fia.com.br\/graduacao\/#\/schema\/person\/image\/","url":"https:\/\/secure.gravatar.com\/avatar\/b51150cc482a9fcb93d232c2a66e1f1c4dd3300ea21b8e732bfb1a73f707b6de?s=96&d=mm&r=g","contentUrl":"https:\/\/secure.gravatar.com\/avatar\/b51150cc482a9fcb93d232c2a66e1f1c4dd3300ea21b8e732bfb1a73f707b6de?s=96&d=mm&r=g","caption":"FIA"},"description":"Com um olhar sempre no futuro, desenvolvemos e disseminamos conhecimentos de teorias e m\u00e9todos de Administra\u00e7\u00e3o de Empresas, aperfei\u00e7oando o desempenho das institui\u00e7\u00f5es brasileiras atrav\u00e9s de tr\u00eas linhas b\u00e1sicas de atividade: Educa\u00e7\u00e3o Executiva, Pesquisa e Consultoria.","url":"https:\/\/fia.com.br\/graduacao\/blog\/author\/fia\/"}]}},"_links":{"self":[{"href":"https:\/\/fia.com.br\/graduacao\/wp-json\/wp\/v2\/posts\/13909","targetHints":{"allow":["GET"]}}],"collection":[{"href":"https:\/\/fia.com.br\/graduacao\/wp-json\/wp\/v2\/posts"}],"about":[{"href":"https:\/\/fia.com.br\/graduacao\/wp-json\/wp\/v2\/types\/post"}],"author":[{"embeddable":true,"href":"https:\/\/fia.com.br\/graduacao\/wp-json\/wp\/v2\/users\/6"}],"replies":[{"embeddable":true,"href":"https:\/\/fia.com.br\/graduacao\/wp-json\/wp\/v2\/comments?post=13909"}],"version-history":[{"count":0,"href":"https:\/\/fia.com.br\/graduacao\/wp-json\/wp\/v2\/posts\/13909\/revisions"}],"wp:featuredmedia":[{"embeddable":true,"href":"https:\/\/fia.com.br\/graduacao\/wp-json\/wp\/v2\/media\/13915"}],"wp:attachment":[{"href":"https:\/\/fia.com.br\/graduacao\/wp-json\/wp\/v2\/media?parent=13909"}],"wp:term":[{"taxonomy":"category","embeddable":true,"href":"https:\/\/fia.com.br\/graduacao\/wp-json\/wp\/v2\/categories?post=13909"},{"taxonomy":"post_tag","embeddable":true,"href":"https:\/\/fia.com.br\/graduacao\/wp-json\/wp\/v2\/tags?post=13909"}],"curies":[{"name":"wp","href":"https:\/\/api.w.org\/{rel}","templated":true}]}}