{"id":13893,"date":"2021-01-13T10:00:00","date_gmt":"2021-01-13T13:00:00","guid":{"rendered":"https:\/\/graduacaofia.wpenginepowered.com\/?p=13893"},"modified":"2021-01-13T10:00:00","modified_gmt":"2021-01-13T13:00:00","slug":"lideranca-feminina","status":"publish","type":"post","link":"https:\/\/fia.com.br\/graduacao\/blog\/lideranca-feminina\/","title":{"rendered":"Uma vis\u00e3o geral sobre lideran\u00e7a feminina"},"content":{"rendered":"\n<p>O tema da lideran\u00e7a feminina no mundo corporativo est\u00e1 ligado \u00e0 no\u00e7\u00e3o de igualdade de condi\u00e7\u00f5es de trabalho entre homens e mulheres. Aspectos essenciais da rotina laboral, como sal\u00e1rio e tratamento individual, t\u00eam recebido aten\u00e7\u00e3o de empregadores nos \u00faltimos anos.<\/p>\n\n\n\n<p>A lideran\u00e7a feminina \u00e9 a aplica\u00e7\u00e3o a mulheres da capacidade de influenciar grupamentos dentro de uma empresa, e se insere num contexto geral de mudan\u00e7as de regras sociais e de conduta no ambiente de trabalho, antes restritas \u00e0s mulheres.<\/p>\n\n\n\n<p>A <a href=\"https:\/\/fia.com.br\/blog\/lideranca-organizacional\/\" target=\"_blank\" rel=\"noreferrer noopener\">no\u00e7\u00e3o de lideran\u00e7a<\/a> feminina tamb\u00e9m est\u00e1 ligada \u00e0 ocupa\u00e7\u00e3o de posi\u00e7\u00f5es estrat\u00e9gicas em organiza\u00e7\u00f5es ou <a href=\"https:\/\/graduacaofia.wpenginepowered.com\/blog\/empreendedorismo-feminino\/\" target=\"_blank\" rel=\"noreferrer noopener\">\u00e0 frente de seus pr\u00f3prios neg\u00f3cios<\/a>. Historicamente, a lideran\u00e7a feminina \u00e9 um fen\u00f4meno recente, derivado de mudan\u00e7as fundamentais da sociedade e mobiliza\u00e7\u00e3o de grupos dedicados \u00e0 busca de igualdade entre homens e mulheres.<\/p>\n\n\n\n<h2 class=\"wp-block-heading\">Mudan\u00e7a gradual da desigualdade<\/h2>\n\n\n\n<p>A imposi\u00e7\u00e3o de restri\u00e7\u00f5es profissionais a mulheres est\u00e1 ligada a uma antiga determina\u00e7\u00e3o de fun\u00e7\u00e3o social por g\u00eanero. At\u00e9 o s\u00e9culo 20, os deveres e limita\u00e7\u00f5es de homens e mulheres eram profundamente diferentes, devido \u00e0 organiza\u00e7\u00e3o das sociedades de ent\u00e3o.<\/p>\n\n\n\n<p>Desde cedo, garotas eram ensinadas a atuar no ambiente dom\u00e9stico e na cria\u00e7\u00e3o da fam\u00edlia, enquanto garotos eram estimulados a praticar atividades relacionadas \u00e0 for\u00e7a e a estudar, para serem futuros provedores de suas fam\u00edlias.<\/p>\n\n\n\n<p>Algumas das consequ\u00eancias negativas desse arranjo para as mulheres eram o isolamento, a depend\u00eancia econ\u00f4mica, por desempenhar tarefas n\u00e3o remuneradas, e a limita\u00e7\u00e3o de participa\u00e7\u00e3o no mundo exterior, em decis\u00f5es pol\u00edticas.<\/p>\n\n\n\n<p>A incorpora\u00e7\u00e3o feminina gradual na for\u00e7a de trabalho, com a expans\u00e3o industrial do s\u00e9culo 20, n\u00e3o foi suficiente para fornecer \u00e0 maioria das mulheres posi\u00e7\u00f5es profissionais de protagonismo.<\/p>\n\n\n\n<p>Transportando para os dias de hoje, as mulheres que t\u00eam acesso \u00e0 educa\u00e7\u00e3o formal ficam em m\u00e9dia mais tempo nas institui\u00e7\u00f5es de ensino que os homens e conseguem com maior facilidade <a href=\"https:\/\/fia.com.br\/blog\/soft-skills\/\" target=\"_blank\" rel=\"noreferrer noopener\">desenvolver \u201csoft skills\u201d<\/a> e liderar pelo exemplo.<\/p>\n\n\n\n<p>Ainda assim, a Organiza\u00e7\u00e3o Internacional do Trabalho informa que os sal\u00e1rios femininos s\u00e3o 14% inferiores aos masculinos, em compara\u00e7\u00e3o entre 115 pa\u00edses feita em 2020.<\/p>\n\n\n\n<h2 class=\"wp-block-heading\">Os benef\u00edcios da lideran\u00e7a feminina<\/h2>\n\n\n\n<h3 class=\"wp-block-heading\">O argumento econ\u00f4mico<\/h3>\n\n\n\n<p>Para al\u00e9m do sentimento de civilidade e justi\u00e7a, a equidade de condi\u00e7\u00f5es de trabalho entre g\u00eaneros tamb\u00e9m encontra argumentos econ\u00f4micos convincentes.<\/p>\n\n\n\n<p>No Brasil, 45% das fam\u00edlias brasileiras s\u00e3o sustentadas financeiramente por mulheres. Os ganhos em bem-estar com aumento de renda, decorrente da equidade salarial, geraria ganho social consider\u00e1vel.<\/p>\n\n\n\n<p>Essa a\u00e7\u00e3o positiva foi monitorada em \u00e2mbito global pela Organiza\u00e7\u00e3o para Coopera\u00e7\u00e3o e Desenvolvimento Econ\u00f4mico (OCDE), que calculou um acr\u00e9scimo do <a href=\"https:\/\/fia.com.br\/blog\/pib\/\" target=\"_blank\" rel=\"noreferrer noopener\">Produto Interno Bruto<\/a> (PIB) internacional na casa dos US$ 6 trilh\u00f5es mediante garantia de paridade nas remunera\u00e7\u00f5es.<\/p>\n\n\n\n<p>J\u00e1 o Fundo Monet\u00e1rio Internacional (FMI) calcula um crescimento do PIB global de 35% com a igualdade de g\u00eanero nas rela\u00e7\u00f5es de trabalho.<\/p>\n\n\n\n<p>Por outro lado, empresas que contam com equipes executivas com equidade de g\u00eanero t\u00eam 14% mais chances de superar o desempenho de concorrentes, informa a edi\u00e7\u00e3o de 2020 do <a href=\"https:\/\/braziljournal.com\/empresas-que-adotam-a-diversidade-sao-mais-saudaveis-felizes-e-rentaveis\" target=\"_blank\" rel=\"noreferrer noopener\">estudo \u201cDiversity Matters\u201d<\/a>, da consultoria McKinsey.<\/p>\n\n\n\n<p>J\u00e1 a chance de obter desempenho financeiro maior em rela\u00e7\u00e3o \u00e0 concorr\u00eancia em empresas com igualdade de oportunidades entre funcion\u00e1rios homens e mulheres \u00e9 de 93%.<\/p>\n\n\n\n<p>A diversidade de ideias sobre as mesmas situa\u00e7\u00f5es fomenta a sustentabilidade a longo prazo, conforme justifica a executiva <a href=\"https:\/\/propmark.com.br\/sem-categoria\/lideranca-feminina-uma-visao-sobre-conquistas-e-desafios\/\" target=\"_blank\" rel=\"noreferrer noopener\">Nelcina Tropardi em texto<\/a>.<\/p>\n\n\n\n<h3 class=\"wp-block-heading\">O argumento administrativo<\/h3>\n\n\n\n<p>Embora a lideran\u00e7a feminina carregue estere\u00f3tipos sobre comandar com emo\u00e7\u00e3o e com menor racionalidade, alguns tra\u00e7os diferenciais positivos realmente tendem a ser percebidos na gest\u00e3o por mulheres.<\/p>\n\n\n\n<h4 class=\"wp-block-heading\">Tend\u00eancia \u00e0 coopera\u00e7\u00e3o<\/h4>\n\n\n\n<p>A divis\u00e3o de demandas m\u00faltiplas, pedindo aux\u00edlio \u00e0 equipe de trabalho, \u00e9 outro tra\u00e7o observado.<\/p>\n\n\n\n<p>Essa coopera\u00e7\u00e3o favorece o compartilhamento de problemas e solu\u00e7\u00f5es tamb\u00e9m entre os liderados, que passam a construir solu\u00e7\u00f5es originais a partir da colabora\u00e7\u00e3o.<\/p>\n\n\n\n<h4 class=\"wp-block-heading\">Maior flexibiliza\u00e7\u00e3o<\/h4>\n\n\n\n<p>L\u00edderes femininas ganham vantagem na hora de enxergar respostas alternativas, modificar, contornar ou romper padr\u00f5es e processos r\u00edgidos. Dessa forma, \u00e9 poss\u00edvel obter resultados eficientes imposs\u00edveis sob arranjos antigos.<\/p>\n\n\n\n<h4 class=\"wp-block-heading\">Empatia<\/h4>\n\n\n\n<p>A capacidade de compreender dificuldades, necessidades e dores alheias enseja pensar em oportunidades de satisfazer essas demandas.<\/p>\n\n\n\n<h4 class=\"wp-block-heading\">Maior desenvoltura no relacionamento interpessoal<\/h4>\n\n\n\n<p>A vantagem competitiva da desenvoltura no trato pessoal pode beneficiar tanto a negocia\u00e7\u00e3o com outras organiza\u00e7\u00f5es, fornecedores e parceiros quanto a pr\u00f3pria equipe da gestora.<\/p>\n\n\n\n<p>Aspectos que favorecem essa desenvoltura s\u00e3o a escuta ativa, a comunica\u00e7\u00e3o n\u00e3o violenta e a flexibilidade.<\/p>\n\n\n\n<h4 class=\"wp-block-heading\">Clima organizacional leve<\/h4>\n\n\n\n<p>A flexibilidade e a coopera\u00e7\u00e3o mencionadas acima fomentam ambientes mais acolhedores entre empregados de uma empresa e auxiliam na reten\u00e7\u00e3o de talentos. Uma gest\u00e3o pouco autorit\u00e1ria e agressiva pode levar a uma maior harmonia e produtividade no trabalho.<\/p>\n\n\n\n<h2 class=\"wp-block-heading\">Mulheres na administra\u00e7\u00e3o no Brasil e no mundo<\/h2>\n\n\n\n<p>O Brasil \u00e9 um pa\u00eds que ainda pode se beneficiar muito da redu\u00e7\u00e3o da disparidade de g\u00eaneros. A pesquisa \u201cSem atalhos: transformando o discurso em a\u00e7\u00f5es efetivas para promover a lideran\u00e7a feminina\u201d, desenvolvida pela consultoria Bain &amp; Company e o LinkedIn em 2019, indica que apenas <a href=\"https:\/\/www.em.com.br\/app\/noticia\/economia\/2019\/07\/12\/internas_economia,1069103\/apenas-3-mulheres-brasil-ocupam-cargos-de-lideranca-aponta-pesquisa.shtml\" target=\"_blank\" rel=\"noreferrer noopener\">3% dos cargos mais altos<\/a> no pa\u00eds eram preenchidos por mulheres.<\/p>\n\n\n\n<p>J\u00e1 um <a href=\"https:\/\/g1.globo.com\/economia\/concursos-e-emprego\/noticia\/cai-a-participacao-de-mulheres-em-cargos-gerenciais-no-brasil-em-2016-aponta-ibge.ghtml\" target=\"_blank\" rel=\"noreferrer noopener\">levantamento do IBGE<\/a> aponta que apenas 38% dos cargos gerenciais eram ocupados por mulheres em 2018. Um estudo da <a href=\"https:\/\/exame.com\/research\/mulheres-em-cargos-de-lideranca-ganham-em-media-23-a-menos-que-homens\/\" target=\"_blank\" rel=\"noreferrer noopener\">Catho publicado em outubro de 2020<\/a> constatou ganhos de mulheres em posi\u00e7\u00f5es de lideran\u00e7a como 23% inferiores, em m\u00e9dia, aos de homens nos mesmos postos.<\/p>\n\n\n\n<p>No mundo, uma <a href=\"http:\/\/www.ilo.org\/global\/about-the-ilo\/newsroom\/news\/WCMS_619550?lang=es\" target=\"_blank\" rel=\"noreferrer noopener\">pesquisa conduzida pela Organiza\u00e7\u00e3o Internacional do Trabalho<\/a> (OIT) tamb\u00e9m indica haver ainda necessidade de grandes mudan\u00e7as.<\/p>\n\n\n\n<p>O documento \u201cPerspectivas Sociais e de Emprego no Mundo: Tend\u00eancias para Mulheres 2018\u201d estima que administradoras de empresas s\u00e3o em n\u00famero quatro vezes menor que suas contrapartes masculinas.<\/p>\n\n\n\n<p>As atividades familiares n\u00e3o remuneradas em pa\u00edses em desenvolvimento, por outro lado, s\u00e3o assumidas em maior n\u00famero pelas mulheres: 42% delas assume essas incumb\u00eancias, comparado a 20% dos homens.<\/p>\n\n\n\n<p>Por fim, o estudo da OIT quantifica a participa\u00e7\u00e3o das mulheres na for\u00e7a de trabalho em 48,5% \u2013 26,5 pontos abaixo da masculina.<\/p>\n\n\n\n<h2 class=\"wp-block-heading\">Conclus\u00e3o<\/h2>\n\n\n\n<p>A promo\u00e7\u00e3o da lideran\u00e7a feminina tem crescido e traz benef\u00edcios de bem-estar social, econ\u00f4micos e civis. No entanto, a mudan\u00e7a dessa situa\u00e7\u00e3o ainda depende da supera\u00e7\u00e3o de certas posturas discriminat\u00f3rias e outros obst\u00e1culos.<\/p>\n\n\n\n<p>Para conhecer os principais desafios \u00e0 lideran\u00e7a feminina e os fatos que impulsionaram o crescimento das mulheres em cargos de gest\u00e3o, n\u00e3o deixe de ler o texto sobre lideran\u00e7a feminina do blog da FIA.<\/p>\n\n\n\n<p>Este artigo foi \u00fatil? Ent\u00e3o, compartilhe com sua rede de contatos! Continue suas leituras sobre gest\u00e3o, empreendedorismo e temas afins no <a href=\"https:\/\/graduacaofia.wpenginepowered.com\/blog\/\" target=\"_blank\" rel=\"noreferrer noopener\">blog da Gradua\u00e7\u00e3o.<\/a><\/p>\n","protected":false},"excerpt":{"rendered":"<p>O tema da lideran\u00e7a feminina no mundo corporativo est\u00e1 ligado \u00e0 no\u00e7\u00e3o de igualdade de condi\u00e7\u00f5es de trabalho entre homens e mulheres. Aspectos essenciais da rotina laboral, como sal\u00e1rio e tratamento individual, t\u00eam recebido aten\u00e7\u00e3o de empregadores nos \u00faltimos anos.<br \/>\nA lideran\u00e7a feminina \u00e9 a aplica\u00e7\u00e3o a mulheres da capacidade de influenciar grupamentos dentro de uma empresa, e se insere num contexto geral de mudan\u00e7as de regras sociais e de conduta no ambiente de trabalho, antes restritas \u00e0s mulheres.<br \/>\nA no\u00e7\u00e3o de lideran\u00e7a feminina tamb\u00e9m est\u00e1 ligada \u00e0 ocupa\u00e7\u00e3o de posi\u00e7\u00f5es estrat\u00e9gicas em organiza\u00e7\u00f5es ou \u00e0 frente de seus pr\u00f3prios neg\u00f3cios. Historicamente, a lideran\u00e7a feminina \u00e9 um fen\u00f4meno recente, derivado de mudan\u00e7as fundamentais da sociedade e mobiliza\u00e7\u00e3o de grupos dedicados \u00e0 busca de igualdade entre homens e mulheres.<\/p>\n","protected":false},"author":6,"featured_media":13895,"comment_status":"open","ping_status":"open","sticky":false,"template":"","format":"standard","meta":{"_acf_changed":false,"footnotes":""},"categories":[10],"tags":[],"class_list":["post-13893","post","type-post","status-publish","format-standard","has-post-thumbnail","hentry","category-lideranca"],"acf":[],"yoast_head":"<!-- This site is optimized with the Yoast SEO plugin v23.5 - https:\/\/yoast.com\/wordpress\/plugins\/seo\/ -->\n<title>Uma vis\u00e3o geral sobre lideran\u00e7a feminina - Gradua\u00e7\u00e3o<\/title>\n<meta name=\"robots\" content=\"index, follow, max-snippet:-1, max-image-preview:large, max-video-preview:-1\" \/>\n<link rel=\"canonical\" href=\"https:\/\/fia.com.br\/graduacao\/blog\/lideranca-feminina\/\" \/>\n<meta property=\"og:locale\" content=\"pt_BR\" \/>\n<meta property=\"og:type\" content=\"article\" \/>\n<meta property=\"og:title\" content=\"Uma vis\u00e3o geral sobre lideran\u00e7a feminina - Gradua\u00e7\u00e3o\" \/>\n<meta property=\"og:description\" content=\"O tema da lideran\u00e7a feminina no mundo corporativo est\u00e1 ligado \u00e0 no\u00e7\u00e3o de igualdade de condi\u00e7\u00f5es de trabalho entre homens e mulheres. Aspectos essenciais da rotina laboral, como sal\u00e1rio e tratamento individual, t\u00eam recebido aten\u00e7\u00e3o de empregadores nos \u00faltimos anos. A lideran\u00e7a feminina \u00e9 a aplica\u00e7\u00e3o a mulheres da capacidade de influenciar grupamentos dentro de uma empresa, e se insere num contexto geral de mudan\u00e7as de regras sociais e de conduta no ambiente de trabalho, antes restritas \u00e0s mulheres. A no\u00e7\u00e3o de lideran\u00e7a feminina tamb\u00e9m est\u00e1 ligada \u00e0 ocupa\u00e7\u00e3o de posi\u00e7\u00f5es estrat\u00e9gicas em organiza\u00e7\u00f5es ou \u00e0 frente de seus pr\u00f3prios neg\u00f3cios. Historicamente, a lideran\u00e7a feminina \u00e9 um fen\u00f4meno recente, derivado de mudan\u00e7as fundamentais da sociedade e mobiliza\u00e7\u00e3o de grupos dedicados \u00e0 busca de igualdade entre homens e mulheres.\" \/>\n<meta property=\"og:url\" content=\"https:\/\/fia.com.br\/graduacao\/blog\/lideranca-feminina\/\" \/>\n<meta property=\"og:site_name\" content=\"Gradua\u00e7\u00e3o\" \/>\n<meta property=\"article:published_time\" content=\"2021-01-13T13:00:00+00:00\" \/>\n<meta property=\"og:image\" content=\"https:\/\/fia.com.br\/graduacao\/wp-content\/uploads\/sites\/6\/2021\/01\/lideranca-feminina.jpg\" \/>\n\t<meta property=\"og:image:width\" content=\"1000\" \/>\n\t<meta property=\"og:image:height\" content=\"667\" \/>\n\t<meta property=\"og:image:type\" content=\"image\/jpeg\" \/>\n<meta name=\"author\" content=\"FIA\" \/>\n<meta name=\"twitter:card\" content=\"summary_large_image\" \/>\n<meta name=\"twitter:label1\" content=\"Escrito por\" \/>\n\t<meta name=\"twitter:data1\" content=\"FIA\" \/>\n\t<meta name=\"twitter:label2\" content=\"Est. tempo de leitura\" \/>\n\t<meta name=\"twitter:data2\" content=\"6 minutos\" \/>\n<script type=\"application\/ld+json\" class=\"yoast-schema-graph\">{\"@context\":\"https:\/\/schema.org\",\"@graph\":[{\"@type\":\"WebPage\",\"@id\":\"https:\/\/fia.com.br\/graduacao\/blog\/lideranca-feminina\/\",\"url\":\"https:\/\/fia.com.br\/graduacao\/blog\/lideranca-feminina\/\",\"name\":\"Uma vis\u00e3o geral sobre lideran\u00e7a feminina - Gradua\u00e7\u00e3o\",\"isPartOf\":{\"@id\":\"https:\/\/fia.com.br\/graduacao\/#website\"},\"primaryImageOfPage\":{\"@id\":\"https:\/\/fia.com.br\/graduacao\/blog\/lideranca-feminina\/#primaryimage\"},\"image\":{\"@id\":\"https:\/\/fia.com.br\/graduacao\/blog\/lideranca-feminina\/#primaryimage\"},\"thumbnailUrl\":\"https:\/\/fia.com.br\/graduacao\/wp-content\/uploads\/sites\/6\/2021\/01\/lideranca-feminina.jpg\",\"datePublished\":\"2021-01-13T13:00:00+00:00\",\"dateModified\":\"2021-01-13T13:00:00+00:00\",\"author\":{\"@id\":\"https:\/\/fia.com.br\/graduacao\/#\/schema\/person\/09d96b732802edb5307e35f3aca6f31b\"},\"breadcrumb\":{\"@id\":\"https:\/\/fia.com.br\/graduacao\/blog\/lideranca-feminina\/#breadcrumb\"},\"inLanguage\":\"pt-BR\",\"potentialAction\":[{\"@type\":\"ReadAction\",\"target\":[\"https:\/\/fia.com.br\/graduacao\/blog\/lideranca-feminina\/\"]}]},{\"@type\":\"ImageObject\",\"inLanguage\":\"pt-BR\",\"@id\":\"https:\/\/fia.com.br\/graduacao\/blog\/lideranca-feminina\/#primaryimage\",\"url\":\"https:\/\/fia.com.br\/graduacao\/wp-content\/uploads\/sites\/6\/2021\/01\/lideranca-feminina.jpg\",\"contentUrl\":\"https:\/\/fia.com.br\/graduacao\/wp-content\/uploads\/sites\/6\/2021\/01\/lideranca-feminina.jpg\",\"width\":1000,\"height\":667,\"caption\":\"Uma vis\u00e3o geral sobre lideran\u00e7a feminina\"},{\"@type\":\"BreadcrumbList\",\"@id\":\"https:\/\/fia.com.br\/graduacao\/blog\/lideranca-feminina\/#breadcrumb\",\"itemListElement\":[{\"@type\":\"ListItem\",\"position\":1,\"name\":\"In\u00edcio\",\"item\":\"https:\/\/fia.com.br\/graduacao\/\"},{\"@type\":\"ListItem\",\"position\":2,\"name\":\"Uma vis\u00e3o geral sobre lideran\u00e7a feminina\"}]},{\"@type\":\"WebSite\",\"@id\":\"https:\/\/fia.com.br\/graduacao\/#website\",\"url\":\"https:\/\/fia.com.br\/graduacao\/\",\"name\":\"FIA\",\"description\":\"FIA - Funda\u00e7\u00e3o Instituto de Administra\u00e7\u00e3o\",\"potentialAction\":[{\"@type\":\"SearchAction\",\"target\":{\"@type\":\"EntryPoint\",\"urlTemplate\":\"https:\/\/fia.com.br\/graduacao\/?s={search_term_string}\"},\"query-input\":{\"@type\":\"PropertyValueSpecification\",\"valueRequired\":true,\"valueName\":\"search_term_string\"}}],\"inLanguage\":\"pt-BR\"},{\"@type\":\"Person\",\"@id\":\"https:\/\/fia.com.br\/graduacao\/#\/schema\/person\/09d96b732802edb5307e35f3aca6f31b\",\"name\":\"FIA\",\"image\":{\"@type\":\"ImageObject\",\"inLanguage\":\"pt-BR\",\"@id\":\"https:\/\/fia.com.br\/graduacao\/#\/schema\/person\/image\/\",\"url\":\"https:\/\/secure.gravatar.com\/avatar\/b51150cc482a9fcb93d232c2a66e1f1c4dd3300ea21b8e732bfb1a73f707b6de?s=96&d=mm&r=g\",\"contentUrl\":\"https:\/\/secure.gravatar.com\/avatar\/b51150cc482a9fcb93d232c2a66e1f1c4dd3300ea21b8e732bfb1a73f707b6de?s=96&d=mm&r=g\",\"caption\":\"FIA\"},\"description\":\"Com um olhar sempre no futuro, desenvolvemos e disseminamos conhecimentos de teorias e m\u00e9todos de Administra\u00e7\u00e3o de Empresas, aperfei\u00e7oando o desempenho das institui\u00e7\u00f5es brasileiras atrav\u00e9s de tr\u00eas linhas b\u00e1sicas de atividade: Educa\u00e7\u00e3o Executiva, Pesquisa e Consultoria.\",\"url\":\"https:\/\/fia.com.br\/graduacao\/blog\/author\/fia\/\"}]}<\/script>\n<!-- \/ Yoast SEO plugin. -->","yoast_head_json":{"title":"Uma vis\u00e3o geral sobre lideran\u00e7a feminina - Gradua\u00e7\u00e3o","robots":{"index":"index","follow":"follow","max-snippet":"max-snippet:-1","max-image-preview":"max-image-preview:large","max-video-preview":"max-video-preview:-1"},"canonical":"https:\/\/fia.com.br\/graduacao\/blog\/lideranca-feminina\/","og_locale":"pt_BR","og_type":"article","og_title":"Uma vis\u00e3o geral sobre lideran\u00e7a feminina - Gradua\u00e7\u00e3o","og_description":"O tema da lideran\u00e7a feminina no mundo corporativo est\u00e1 ligado \u00e0 no\u00e7\u00e3o de igualdade de condi\u00e7\u00f5es de trabalho entre homens e mulheres. Aspectos essenciais da rotina laboral, como sal\u00e1rio e tratamento individual, t\u00eam recebido aten\u00e7\u00e3o de empregadores nos \u00faltimos anos. A lideran\u00e7a feminina \u00e9 a aplica\u00e7\u00e3o a mulheres da capacidade de influenciar grupamentos dentro de uma empresa, e se insere num contexto geral de mudan\u00e7as de regras sociais e de conduta no ambiente de trabalho, antes restritas \u00e0s mulheres. A no\u00e7\u00e3o de lideran\u00e7a feminina tamb\u00e9m est\u00e1 ligada \u00e0 ocupa\u00e7\u00e3o de posi\u00e7\u00f5es estrat\u00e9gicas em organiza\u00e7\u00f5es ou \u00e0 frente de seus pr\u00f3prios neg\u00f3cios. Historicamente, a lideran\u00e7a feminina \u00e9 um fen\u00f4meno recente, derivado de mudan\u00e7as fundamentais da sociedade e mobiliza\u00e7\u00e3o de grupos dedicados \u00e0 busca de igualdade entre homens e mulheres.","og_url":"https:\/\/fia.com.br\/graduacao\/blog\/lideranca-feminina\/","og_site_name":"Gradua\u00e7\u00e3o","article_published_time":"2021-01-13T13:00:00+00:00","og_image":[{"width":1000,"height":667,"url":"https:\/\/fia.com.br\/graduacao\/wp-content\/uploads\/sites\/6\/2021\/01\/lideranca-feminina.jpg","type":"image\/jpeg"}],"author":"FIA","twitter_card":"summary_large_image","twitter_misc":{"Escrito por":"FIA","Est. tempo de leitura":"6 minutos"},"schema":{"@context":"https:\/\/schema.org","@graph":[{"@type":"WebPage","@id":"https:\/\/fia.com.br\/graduacao\/blog\/lideranca-feminina\/","url":"https:\/\/fia.com.br\/graduacao\/blog\/lideranca-feminina\/","name":"Uma vis\u00e3o geral sobre lideran\u00e7a feminina - Gradua\u00e7\u00e3o","isPartOf":{"@id":"https:\/\/fia.com.br\/graduacao\/#website"},"primaryImageOfPage":{"@id":"https:\/\/fia.com.br\/graduacao\/blog\/lideranca-feminina\/#primaryimage"},"image":{"@id":"https:\/\/fia.com.br\/graduacao\/blog\/lideranca-feminina\/#primaryimage"},"thumbnailUrl":"https:\/\/fia.com.br\/graduacao\/wp-content\/uploads\/sites\/6\/2021\/01\/lideranca-feminina.jpg","datePublished":"2021-01-13T13:00:00+00:00","dateModified":"2021-01-13T13:00:00+00:00","author":{"@id":"https:\/\/fia.com.br\/graduacao\/#\/schema\/person\/09d96b732802edb5307e35f3aca6f31b"},"breadcrumb":{"@id":"https:\/\/fia.com.br\/graduacao\/blog\/lideranca-feminina\/#breadcrumb"},"inLanguage":"pt-BR","potentialAction":[{"@type":"ReadAction","target":["https:\/\/fia.com.br\/graduacao\/blog\/lideranca-feminina\/"]}]},{"@type":"ImageObject","inLanguage":"pt-BR","@id":"https:\/\/fia.com.br\/graduacao\/blog\/lideranca-feminina\/#primaryimage","url":"https:\/\/fia.com.br\/graduacao\/wp-content\/uploads\/sites\/6\/2021\/01\/lideranca-feminina.jpg","contentUrl":"https:\/\/fia.com.br\/graduacao\/wp-content\/uploads\/sites\/6\/2021\/01\/lideranca-feminina.jpg","width":1000,"height":667,"caption":"Uma vis\u00e3o geral sobre lideran\u00e7a feminina"},{"@type":"BreadcrumbList","@id":"https:\/\/fia.com.br\/graduacao\/blog\/lideranca-feminina\/#breadcrumb","itemListElement":[{"@type":"ListItem","position":1,"name":"In\u00edcio","item":"https:\/\/fia.com.br\/graduacao\/"},{"@type":"ListItem","position":2,"name":"Uma vis\u00e3o geral sobre lideran\u00e7a feminina"}]},{"@type":"WebSite","@id":"https:\/\/fia.com.br\/graduacao\/#website","url":"https:\/\/fia.com.br\/graduacao\/","name":"FIA","description":"FIA - Funda\u00e7\u00e3o Instituto de Administra\u00e7\u00e3o","potentialAction":[{"@type":"SearchAction","target":{"@type":"EntryPoint","urlTemplate":"https:\/\/fia.com.br\/graduacao\/?s={search_term_string}"},"query-input":{"@type":"PropertyValueSpecification","valueRequired":true,"valueName":"search_term_string"}}],"inLanguage":"pt-BR"},{"@type":"Person","@id":"https:\/\/fia.com.br\/graduacao\/#\/schema\/person\/09d96b732802edb5307e35f3aca6f31b","name":"FIA","image":{"@type":"ImageObject","inLanguage":"pt-BR","@id":"https:\/\/fia.com.br\/graduacao\/#\/schema\/person\/image\/","url":"https:\/\/secure.gravatar.com\/avatar\/b51150cc482a9fcb93d232c2a66e1f1c4dd3300ea21b8e732bfb1a73f707b6de?s=96&d=mm&r=g","contentUrl":"https:\/\/secure.gravatar.com\/avatar\/b51150cc482a9fcb93d232c2a66e1f1c4dd3300ea21b8e732bfb1a73f707b6de?s=96&d=mm&r=g","caption":"FIA"},"description":"Com um olhar sempre no futuro, desenvolvemos e disseminamos conhecimentos de teorias e m\u00e9todos de Administra\u00e7\u00e3o de Empresas, aperfei\u00e7oando o desempenho das institui\u00e7\u00f5es brasileiras atrav\u00e9s de tr\u00eas linhas b\u00e1sicas de atividade: Educa\u00e7\u00e3o Executiva, Pesquisa e Consultoria.","url":"https:\/\/fia.com.br\/graduacao\/blog\/author\/fia\/"}]}},"_links":{"self":[{"href":"https:\/\/fia.com.br\/graduacao\/wp-json\/wp\/v2\/posts\/13893","targetHints":{"allow":["GET"]}}],"collection":[{"href":"https:\/\/fia.com.br\/graduacao\/wp-json\/wp\/v2\/posts"}],"about":[{"href":"https:\/\/fia.com.br\/graduacao\/wp-json\/wp\/v2\/types\/post"}],"author":[{"embeddable":true,"href":"https:\/\/fia.com.br\/graduacao\/wp-json\/wp\/v2\/users\/6"}],"replies":[{"embeddable":true,"href":"https:\/\/fia.com.br\/graduacao\/wp-json\/wp\/v2\/comments?post=13893"}],"version-history":[{"count":0,"href":"https:\/\/fia.com.br\/graduacao\/wp-json\/wp\/v2\/posts\/13893\/revisions"}],"wp:featuredmedia":[{"embeddable":true,"href":"https:\/\/fia.com.br\/graduacao\/wp-json\/wp\/v2\/media\/13895"}],"wp:attachment":[{"href":"https:\/\/fia.com.br\/graduacao\/wp-json\/wp\/v2\/media?parent=13893"}],"wp:term":[{"taxonomy":"category","embeddable":true,"href":"https:\/\/fia.com.br\/graduacao\/wp-json\/wp\/v2\/categories?post=13893"},{"taxonomy":"post_tag","embeddable":true,"href":"https:\/\/fia.com.br\/graduacao\/wp-json\/wp\/v2\/tags?post=13893"}],"curies":[{"name":"wp","href":"https:\/\/api.w.org\/{rel}","templated":true}]}}