{"id":13077,"date":"2020-05-06T10:00:03","date_gmt":"2020-05-06T13:00:03","guid":{"rendered":"https:\/\/graduacaofia.wpenginepowered.com\/?p=13077"},"modified":"2020-05-06T10:00:03","modified_gmt":"2020-05-06T13:00:03","slug":"primeira-entrevista-de-emprego","status":"publish","type":"post","link":"https:\/\/fia.com.br\/graduacao\/blog\/primeira-entrevista-de-emprego\/","title":{"rendered":"Primeira entrevista de emprego: dicas e o que falar"},"content":{"rendered":"\n<p>A primeira entrevista de emprego \u00e9 um teste para os nervos. Este\n\u00e9 um momento fundamental na vida adulta, que marca o in\u00edcio de uma trajet\u00f3ria\nprofissional que ser\u00e1 longa. <\/p>\n\n\n\n<p>N\u00e3o saber bem o que falar, ter receio das perguntas que\nser\u00e3o feitas, algumas d\u00favidas sobre roupa e comportamento, enfim, tudo isso faz\nparte.<\/p>\n\n\n\n<p>Ao finalizar a entrevista, \u00e9 normal se perguntar: \u201cera s\u00f3\nisso?\u201d. Afinal, n\u00e3o h\u00e1 muitos segredos nem drama: \u00e9 um processo tranquilo se\nbem conduzido e nada do que \u00e9 apresentado est\u00e1 fora do comum.<\/p>\n\n\n\n<p>Ent\u00e3o, se voc\u00ea vai encarar a sua primeira entrevista de\nemprego e quer ter dicas para passar com m\u00e9ritos, continue neste texto!<\/p>\n\n\n\n<h2 class=\"wp-block-heading\">Sempre h\u00e1 uma entrevista de emprego?<\/h2>\n\n\n\n<p>Sim. \u00c9 muito raro que uma empresa abra m\u00e3o desta etapa t\u00e3o\nimportante. <\/p>\n\n\n\n<p>O que costuma acontecer, na maioria das vezes, \u00e9 um processo\nde v\u00e1rias etapas, sendo a primeira delas a filtragem de curr\u00edculos para\nselecionar quem \u00e9 mais apropriado para a vaga em quest\u00e3o.<\/p>\n\n\n\n<p>Depois, \u00e9 comum ter uma reuni\u00e3o com todos os candidatos para\numa din\u00e2mica em grupo, em que ser\u00e1 feito mais um corte. \u00c9 prov\u00e1vel j\u00e1 existir uma\nentrevista de emprego no mesmo dia.<\/p>\n\n\n\n<p>Entretanto, tamb\u00e9m \u00e9 poss\u00edvel que o dia seja apenas dedicado\na din\u00e2mica e depois do novo corte, quando j\u00e1 restam poucos candidatos, a\u00ed sim\nconduzir \u00e0 entrevista.<\/p>\n\n\n\n<p>Independentemente de qual for a escolha dos selecionadores,\n\u00e9 importante tamb\u00e9m fazer uma prepara\u00e7\u00e3o especial para a din\u00e2mica de grupo. <a href=\"https:\/\/fia.com.br\/blog\/dinamica-de-grupo\/\">Confira nosso texto sobre o\nassunto<\/a>.<\/p>\n\n\n\n<h2 class=\"wp-block-heading\">O que falar em uma entrevista de emprego?<\/h2>\n\n\n\n<p>Nada que n\u00e3o seja pedido. O temor em rela\u00e7\u00e3o ao que falar em\numa entrevista de emprego \u00e9 de certa forma injustificado. Os entrevistadores\nn\u00e3o pedir\u00e3o nada que esteja fora de sua al\u00e7ada.<\/p>\n\n\n\n<p>Por exemplo, eles v\u00e3o saber que voc\u00ea n\u00e3o tem experi\u00eancia.\nAfinal, \u00e9 sua primeira entrevista de emprego. \u00c9 \u00f3bvio que anos de mercado n\u00e3o \u00e9\nseu ponto forte e sua escalada na empresa anterior n\u00e3o ser\u00e1 um t\u00f3pico abordado.<\/p>\n\n\n\n<p>A conversa ir\u00e1 girar sobre o seu curr\u00edculo, seus feitos na\nfaculdade \u2013 notas, projetos, trabalhos de destaque \u2013 experi\u00eancias, como\ninterc\u00e2mbio, ou o conhecimento de um segundo idioma.<\/p>\n\n\n\n<p>Caso uma din\u00e2mica de grupo tenha sido feita antes, o seu\ncomportamento nela e impress\u00f5es sobre o trabalho realizado tamb\u00e9m poder\u00e3o ser\nabordados.<\/p>\n\n\n\n<p>Isso n\u00e3o quer dizer que voc\u00ea s\u00f3 precise se sentar na cadeira\ne n\u00e3o pensar muito no que falar.<\/p>\n\n\n\n<p>\u00c9 importante que voc\u00ea saiba se apresentar e vender seu\npeixe. <\/p>\n\n\n\n<p>Mas, aten\u00e7\u00e3o: n\u00e3o seja convencido e muito menos minta.<\/p>\n\n\n\n<p>Se voc\u00ea disser que \u00e9 fluente em ingl\u00eas e isso n\u00e3o for\nverdade, a mentira pode at\u00e9 passar pela entrevista. Mas em uma fase mais\navan\u00e7ada ou, pior, quando voc\u00ea for colocado contra a parede depois de empregado,\na verdade vir\u00e1 \u00e0 tona e ser\u00e1 muito pior.<\/p>\n\n\n\n<p>Explique sua <a href=\"https:\/\/graduacaofia.wpenginepowered.com\/blog\/como-escolher-uma-carreira\/\">escolha\npelo curso de gradua\u00e7\u00e3o<\/a>, d\u00ea destaque para suas conquistas (boas notas, admiss\u00e3o\nem uma institui\u00e7\u00e3o de respeito) e mostre conhecimento sobre a vaga e a empresa.<\/p>\n\n\n\n<p>Fazer a li\u00e7\u00e3o de casa e saber sobre a miss\u00e3o da empresa,\nseus desafios \u2013 isso pode ser facilmente encontrado no site ou na descri\u00e7\u00e3o da\nvaga \u2013 e sua hist\u00f3ria pode ser um enorme diferencial.<\/p>\n\n\n\n<h2 class=\"wp-block-heading\">O que n\u00e3o falar na primeira entrevista de emprego<\/h2>\n\n\n\n<p>T\u00e3o importante quanto saber o que falar na entrevista de\nemprego \u00e9 saber o que n\u00e3o falar. Um exemplo cl\u00e1ssico sobre o que n\u00e3o \u00e9 de bom\ntom comentar \u00e9 sobre a atua\u00e7\u00e3o de antigos chefes. <\/p>\n\n\n\n<p>H\u00e1 poucas coisas que pegam t\u00e3o mal como criticar antigos\ncompanheiros de trabalho em uma entrevista de emprego.<\/p>\n\n\n\n<p>Mas como estamos falando da primeira entrevista de emprego,\na regra muda: n\u00e3o fale mal sobre colegas de faculdade ou professores. <\/p>\n\n\n\n<p>Usar um processo seletivo para falar mal dos outros \u00e9 algo\nnegativo porque parece que voc\u00ea n\u00e3o assume a responsabilidade pelos seus\nresultados, preferindo apontar o dedo e culpar terceiros.<\/p>\n\n\n\n<p>\u00c9 importante que voc\u00ea evite chav\u00f5es e respostas que n\u00e3o s\u00e3o\nsinceras. <\/p>\n\n\n\n<p>Novamente, pegando um exemplo cl\u00e1ssico, ao falar sobre seus\ndefeitos, evite falar que voc\u00ea \u00e9 perfeccionista ou trabalha demais.<\/p>\n\n\n\n<p>Ser honesto \u00e9 algo vital, j\u00e1 que voc\u00ea falar\u00e1 com profissionais treinados que j\u00e1 fizeram <a href=\"https:\/\/exame.abril.com.br\/carreira\/estas-sao-as-perguntas-que-recrutadores-mais-fazem-em-entrevistas\/\" target=\"_blank\" rel=\"noreferrer noopener\" aria-label=\" (abre em uma nova aba)\">essa pergunta centenas de vezes<\/a> e v\u00e3o saber quando a resposta n\u00e3o parece verdadeira.<\/p>\n\n\n\n<p>Para mais detalhes sobre perguntas comuns e como respond\u00ea-las de forma satisfat\u00f3ria, confira <a href=\"https:\/\/fia.com.br\/blog\/entrevista-de-emprego\/\" target=\"_blank\" rel=\"noreferrer noopener\" aria-label=\" (abre em uma nova aba)\">este post no Blog da FIA<\/a>.<\/p>\n\n\n\n<h2 class=\"wp-block-heading\">Dicas para ter uma boa entrevista de emprego<\/h2>\n\n\n\n<p>J\u00e1 falamos sobre o que falar e n\u00e3o falar na sua primeira entrevista de emprego, agora chegou a hora de expandir. Seguem algumas dicas valiosas para esse momento t\u00e3o importante da sua carreira profissional:<\/p>\n\n\n\n<ul>\n \t<li style=\"list-style-type: none\">\n<ul class=\"flat-list style1\">\n \t<li>Mantenha a tranquilidade: n\u00e3o h\u00e1 raz\u00e3o para ficar nervoso. Nada do que ser\u00e1 perguntado estar\u00e1 fora de sua al\u00e7ada de conhecimento.<\/li>\n \t<li>Venda seu peixe: a entrevista de emprego \u00e9 como uma entrevista na televis\u00e3o. Voc\u00ea \u00e9 o destaque e o assunto ser\u00e1 sua trajet\u00f3ria. Aja com naturalidade.<\/li>\n \t<li>Destaque seus pontos fortes: resili\u00eancia, conhecimento, esfor\u00e7o, profissionalismo, bom de equipe&#8230; D\u00ea valor para suas experi\u00eancias e o que voc\u00ea aprendeu com elas.<\/li>\n        <li>N\u00e3o \u00e9 preciso esconder nada: claro que n\u00e3o \u00e9 necess\u00e1rio ser totalmente aberto e sem filtros, mas n\u00e3o \u00e9 preciso esconder se voc\u00ea \u00e9 t\u00edmido, se est\u00e1 nervoso. Seja natural e logo voc\u00ea ver\u00e1 que est\u00e1 mais solto.<\/li>\n        <li>Evite g\u00edrias: o ambiente \u00e9 profissional, ent\u00e3o evite g\u00edrias e tome cuidado com erros de portugu\u00eas, como concord\u00e2ncia.<\/li>\n \t<\/ul> \n\n\n\n<p>Fazer perguntas como: \u201cquando terei uma resposta sobre o\nprocesso seletivo?\u201d ou \u201cqual ser\u00e1 a remunera\u00e7\u00e3o?\u201d n\u00e3o s\u00e3o proibidas. <\/p>\n\n\n\n<p>Entretanto, espere pela abertura dos entrevistadores para\nfaz\u00ea-las. Afinal, for\u00e7ar o assunto remunera\u00e7\u00e3o logo de cara pode dar a entender\nque voc\u00ea s\u00f3 aceitar\u00e1 o trabalho pelo dinheiro ou s\u00f3 se importa com isso. <\/p>\n\n\n\n<p>\u00c9 claro que esse \u00e9 um fator de enorme import\u00e2ncia, mas\nmostrar interesse pela empresa, a vaga e o projeto que voc\u00ea estar\u00e1 inserido\ntamb\u00e9m \u00e9.<\/p>\n\n\n\n<p>A informa\u00e7\u00e3o sobre a remunera\u00e7\u00e3o surgir\u00e1 com naturalidade e\nos entrevistadores sabem que ela \u00e9 importante para qualquer pessoa, ent\u00e3o n\u00e3o \u00e9\npreciso pular etapas.<\/p>\n\n\n\n<p>Voc\u00ea fazer perguntas aos recrutadores \u00e9 tamb\u00e9m algo muito bem visto, afinal mostra seu envolvimento e interesse. <a href=\"https:\/\/computerworld.com.br\/2019\/10\/19\/perguntas-para-fazer-ao-recrutador\/\" target=\"_blank\" rel=\"noreferrer noopener\" aria-label=\" (abre em uma nova aba)\">Veja ideias neste texto do Computer World<\/a>.<\/p>\n\n\n\n<h2 class=\"wp-block-heading\">N\u00e3o \u00e9 um bicho de sete cabe\u00e7as<\/h2>\n\n\n\n<p>\u00c9 normal ficar um pouco ansioso com sua primeira entrevista\nde emprego, mas ao chegar no local e come\u00e7ar o processo n\u00e3o h\u00e1 porqu\u00ea ficar\nalterado.<\/p>\n\n\n\n<p>Os profissionais envolvidos v\u00e3o fazer o clima ser mais leve\npara tirar o melhor dos candidatos.<\/p>\n\n\n\n<p>Voc\u00ea, portanto, s\u00f3 precisa se preocupar em responder as\nperguntas de forma natural e honesta. <\/p>\n\n\n\n<p>Estude sobre a companhia, saiba o que eles querem para a\nposi\u00e7\u00e3o e aja de acordo. \n\nFazendo isso, suas chances j\u00e1 aumentam\nexponencialmente. E sua primeira entrevista de emprego j\u00e1 pode ser a certeira.\n\n\n\n<\/p>\n","protected":false},"excerpt":{"rendered":"<p>A primeira entrevista de emprego \u00e9 um teste para os nervos. Este<br \/>\n\u00e9 um momento fundamental na vida adulta, que marca o in\u00edcio de uma trajet\u00f3ria<br \/>\nprofissional que ser\u00e1 longa.<br \/>\nN\u00e3o saber bem o que falar, ter receio das perguntas que<br \/>\nser\u00e3o feitas, algumas d\u00favidas sobre roupa e comportamento, enfim, tudo isso faz<br \/>\nparte.<\/p>\n","protected":false},"author":6,"featured_media":13081,"comment_status":"open","ping_status":"open","sticky":false,"template":"","format":"standard","meta":{"_acf_changed":false,"footnotes":""},"categories":[8],"tags":[],"class_list":["post-13077","post","type-post","status-publish","format-standard","has-post-thumbnail","hentry","category-carreira"],"acf":[],"yoast_head":"<!-- This site is optimized with the Yoast SEO plugin v23.5 - https:\/\/yoast.com\/wordpress\/plugins\/seo\/ -->\n<title>Primeira entrevista de emprego: dicas e o que falar - Gradua\u00e7\u00e3o<\/title>\n<meta name=\"description\" content=\"A primeira entrevista de emprego \u00e9 um teste para os nervos. Este \u00e9 um momento fundamental na vida adulta, que marca o in\u00edcio de uma trajet\u00f3ria profissional.\" \/>\n<meta name=\"robots\" content=\"index, follow, max-snippet:-1, max-image-preview:large, max-video-preview:-1\" \/>\n<link rel=\"canonical\" href=\"https:\/\/fia.com.br\/graduacao\/blog\/primeira-entrevista-de-emprego\/\" \/>\n<meta property=\"og:locale\" content=\"pt_BR\" \/>\n<meta property=\"og:type\" content=\"article\" \/>\n<meta property=\"og:title\" content=\"Primeira entrevista de emprego: dicas e o que falar - Gradua\u00e7\u00e3o\" \/>\n<meta property=\"og:description\" content=\"A primeira entrevista de emprego \u00e9 um teste para os nervos. Este \u00e9 um momento fundamental na vida adulta, que marca o in\u00edcio de uma trajet\u00f3ria profissional.\" \/>\n<meta property=\"og:url\" content=\"https:\/\/fia.com.br\/graduacao\/blog\/primeira-entrevista-de-emprego\/\" \/>\n<meta property=\"og:site_name\" content=\"Gradua\u00e7\u00e3o\" \/>\n<meta property=\"article:published_time\" content=\"2020-05-06T13:00:03+00:00\" \/>\n<meta property=\"og:image\" content=\"https:\/\/fia.com.br\/graduacao\/wp-content\/uploads\/sites\/6\/2020\/05\/iStock-935692598-scaled.jpg\" \/>\n\t<meta property=\"og:image:width\" content=\"2560\" \/>\n\t<meta property=\"og:image:height\" content=\"1707\" \/>\n\t<meta property=\"og:image:type\" content=\"image\/jpeg\" \/>\n<meta name=\"author\" content=\"FIA\" \/>\n<meta name=\"twitter:card\" content=\"summary_large_image\" \/>\n<meta name=\"twitter:label1\" content=\"Escrito por\" \/>\n\t<meta name=\"twitter:data1\" content=\"FIA\" \/>\n\t<meta name=\"twitter:label2\" content=\"Est. tempo de leitura\" \/>\n\t<meta name=\"twitter:data2\" content=\"6 minutos\" \/>\n<script type=\"application\/ld+json\" class=\"yoast-schema-graph\">{\"@context\":\"https:\/\/schema.org\",\"@graph\":[{\"@type\":\"WebPage\",\"@id\":\"https:\/\/fia.com.br\/graduacao\/blog\/primeira-entrevista-de-emprego\/\",\"url\":\"https:\/\/fia.com.br\/graduacao\/blog\/primeira-entrevista-de-emprego\/\",\"name\":\"Primeira entrevista de emprego: dicas e o que falar - Gradua\u00e7\u00e3o\",\"isPartOf\":{\"@id\":\"https:\/\/fia.com.br\/graduacao\/#website\"},\"primaryImageOfPage\":{\"@id\":\"https:\/\/fia.com.br\/graduacao\/blog\/primeira-entrevista-de-emprego\/#primaryimage\"},\"image\":{\"@id\":\"https:\/\/fia.com.br\/graduacao\/blog\/primeira-entrevista-de-emprego\/#primaryimage\"},\"thumbnailUrl\":\"https:\/\/fia.com.br\/graduacao\/wp-content\/uploads\/sites\/6\/2020\/05\/iStock-935692598-scaled.jpg\",\"datePublished\":\"2020-05-06T13:00:03+00:00\",\"dateModified\":\"2020-05-06T13:00:03+00:00\",\"author\":{\"@id\":\"https:\/\/fia.com.br\/graduacao\/#\/schema\/person\/09d96b732802edb5307e35f3aca6f31b\"},\"description\":\"A primeira entrevista de emprego \u00e9 um teste para os nervos. Este \u00e9 um momento fundamental na vida adulta, que marca o in\u00edcio de uma trajet\u00f3ria profissional.\",\"breadcrumb\":{\"@id\":\"https:\/\/fia.com.br\/graduacao\/blog\/primeira-entrevista-de-emprego\/#breadcrumb\"},\"inLanguage\":\"pt-BR\",\"potentialAction\":[{\"@type\":\"ReadAction\",\"target\":[\"https:\/\/fia.com.br\/graduacao\/blog\/primeira-entrevista-de-emprego\/\"]}]},{\"@type\":\"ImageObject\",\"inLanguage\":\"pt-BR\",\"@id\":\"https:\/\/fia.com.br\/graduacao\/blog\/primeira-entrevista-de-emprego\/#primaryimage\",\"url\":\"https:\/\/fia.com.br\/graduacao\/wp-content\/uploads\/sites\/6\/2020\/05\/iStock-935692598-scaled.jpg\",\"contentUrl\":\"https:\/\/fia.com.br\/graduacao\/wp-content\/uploads\/sites\/6\/2020\/05\/iStock-935692598-scaled.jpg\",\"width\":2560,\"height\":1707,\"caption\":\"Young woman signing contracts and handshake with a manager\"},{\"@type\":\"BreadcrumbList\",\"@id\":\"https:\/\/fia.com.br\/graduacao\/blog\/primeira-entrevista-de-emprego\/#breadcrumb\",\"itemListElement\":[{\"@type\":\"ListItem\",\"position\":1,\"name\":\"In\u00edcio\",\"item\":\"https:\/\/fia.com.br\/graduacao\/\"},{\"@type\":\"ListItem\",\"position\":2,\"name\":\"Primeira entrevista de emprego: dicas e o que falar\"}]},{\"@type\":\"WebSite\",\"@id\":\"https:\/\/fia.com.br\/graduacao\/#website\",\"url\":\"https:\/\/fia.com.br\/graduacao\/\",\"name\":\"FIA\",\"description\":\"FIA - Funda\u00e7\u00e3o Instituto de Administra\u00e7\u00e3o\",\"potentialAction\":[{\"@type\":\"SearchAction\",\"target\":{\"@type\":\"EntryPoint\",\"urlTemplate\":\"https:\/\/fia.com.br\/graduacao\/?s={search_term_string}\"},\"query-input\":{\"@type\":\"PropertyValueSpecification\",\"valueRequired\":true,\"valueName\":\"search_term_string\"}}],\"inLanguage\":\"pt-BR\"},{\"@type\":\"Person\",\"@id\":\"https:\/\/fia.com.br\/graduacao\/#\/schema\/person\/09d96b732802edb5307e35f3aca6f31b\",\"name\":\"FIA\",\"image\":{\"@type\":\"ImageObject\",\"inLanguage\":\"pt-BR\",\"@id\":\"https:\/\/fia.com.br\/graduacao\/#\/schema\/person\/image\/\",\"url\":\"https:\/\/secure.gravatar.com\/avatar\/b51150cc482a9fcb93d232c2a66e1f1c4dd3300ea21b8e732bfb1a73f707b6de?s=96&d=mm&r=g\",\"contentUrl\":\"https:\/\/secure.gravatar.com\/avatar\/b51150cc482a9fcb93d232c2a66e1f1c4dd3300ea21b8e732bfb1a73f707b6de?s=96&d=mm&r=g\",\"caption\":\"FIA\"},\"description\":\"Com um olhar sempre no futuro, desenvolvemos e disseminamos conhecimentos de teorias e m\u00e9todos de Administra\u00e7\u00e3o de Empresas, aperfei\u00e7oando o desempenho das institui\u00e7\u00f5es brasileiras atrav\u00e9s de tr\u00eas linhas b\u00e1sicas de atividade: Educa\u00e7\u00e3o Executiva, Pesquisa e Consultoria.\",\"url\":\"https:\/\/fia.com.br\/graduacao\/blog\/author\/fia\/\"}]}<\/script>\n<!-- \/ Yoast SEO plugin. -->","yoast_head_json":{"title":"Primeira entrevista de emprego: dicas e o que falar - Gradua\u00e7\u00e3o","description":"A primeira entrevista de emprego \u00e9 um teste para os nervos. Este \u00e9 um momento fundamental na vida adulta, que marca o in\u00edcio de uma trajet\u00f3ria profissional.","robots":{"index":"index","follow":"follow","max-snippet":"max-snippet:-1","max-image-preview":"max-image-preview:large","max-video-preview":"max-video-preview:-1"},"canonical":"https:\/\/fia.com.br\/graduacao\/blog\/primeira-entrevista-de-emprego\/","og_locale":"pt_BR","og_type":"article","og_title":"Primeira entrevista de emprego: dicas e o que falar - Gradua\u00e7\u00e3o","og_description":"A primeira entrevista de emprego \u00e9 um teste para os nervos. Este \u00e9 um momento fundamental na vida adulta, que marca o in\u00edcio de uma trajet\u00f3ria profissional.","og_url":"https:\/\/fia.com.br\/graduacao\/blog\/primeira-entrevista-de-emprego\/","og_site_name":"Gradua\u00e7\u00e3o","article_published_time":"2020-05-06T13:00:03+00:00","og_image":[{"width":2560,"height":1707,"url":"https:\/\/fia.com.br\/graduacao\/wp-content\/uploads\/sites\/6\/2020\/05\/iStock-935692598-scaled.jpg","type":"image\/jpeg"}],"author":"FIA","twitter_card":"summary_large_image","twitter_misc":{"Escrito por":"FIA","Est. tempo de leitura":"6 minutos"},"schema":{"@context":"https:\/\/schema.org","@graph":[{"@type":"WebPage","@id":"https:\/\/fia.com.br\/graduacao\/blog\/primeira-entrevista-de-emprego\/","url":"https:\/\/fia.com.br\/graduacao\/blog\/primeira-entrevista-de-emprego\/","name":"Primeira entrevista de emprego: dicas e o que falar - Gradua\u00e7\u00e3o","isPartOf":{"@id":"https:\/\/fia.com.br\/graduacao\/#website"},"primaryImageOfPage":{"@id":"https:\/\/fia.com.br\/graduacao\/blog\/primeira-entrevista-de-emprego\/#primaryimage"},"image":{"@id":"https:\/\/fia.com.br\/graduacao\/blog\/primeira-entrevista-de-emprego\/#primaryimage"},"thumbnailUrl":"https:\/\/fia.com.br\/graduacao\/wp-content\/uploads\/sites\/6\/2020\/05\/iStock-935692598-scaled.jpg","datePublished":"2020-05-06T13:00:03+00:00","dateModified":"2020-05-06T13:00:03+00:00","author":{"@id":"https:\/\/fia.com.br\/graduacao\/#\/schema\/person\/09d96b732802edb5307e35f3aca6f31b"},"description":"A primeira entrevista de emprego \u00e9 um teste para os nervos. Este \u00e9 um momento fundamental na vida adulta, que marca o in\u00edcio de uma trajet\u00f3ria profissional.","breadcrumb":{"@id":"https:\/\/fia.com.br\/graduacao\/blog\/primeira-entrevista-de-emprego\/#breadcrumb"},"inLanguage":"pt-BR","potentialAction":[{"@type":"ReadAction","target":["https:\/\/fia.com.br\/graduacao\/blog\/primeira-entrevista-de-emprego\/"]}]},{"@type":"ImageObject","inLanguage":"pt-BR","@id":"https:\/\/fia.com.br\/graduacao\/blog\/primeira-entrevista-de-emprego\/#primaryimage","url":"https:\/\/fia.com.br\/graduacao\/wp-content\/uploads\/sites\/6\/2020\/05\/iStock-935692598-scaled.jpg","contentUrl":"https:\/\/fia.com.br\/graduacao\/wp-content\/uploads\/sites\/6\/2020\/05\/iStock-935692598-scaled.jpg","width":2560,"height":1707,"caption":"Young woman signing contracts and handshake with a manager"},{"@type":"BreadcrumbList","@id":"https:\/\/fia.com.br\/graduacao\/blog\/primeira-entrevista-de-emprego\/#breadcrumb","itemListElement":[{"@type":"ListItem","position":1,"name":"In\u00edcio","item":"https:\/\/fia.com.br\/graduacao\/"},{"@type":"ListItem","position":2,"name":"Primeira entrevista de emprego: dicas e o que falar"}]},{"@type":"WebSite","@id":"https:\/\/fia.com.br\/graduacao\/#website","url":"https:\/\/fia.com.br\/graduacao\/","name":"FIA","description":"FIA - Funda\u00e7\u00e3o Instituto de Administra\u00e7\u00e3o","potentialAction":[{"@type":"SearchAction","target":{"@type":"EntryPoint","urlTemplate":"https:\/\/fia.com.br\/graduacao\/?s={search_term_string}"},"query-input":{"@type":"PropertyValueSpecification","valueRequired":true,"valueName":"search_term_string"}}],"inLanguage":"pt-BR"},{"@type":"Person","@id":"https:\/\/fia.com.br\/graduacao\/#\/schema\/person\/09d96b732802edb5307e35f3aca6f31b","name":"FIA","image":{"@type":"ImageObject","inLanguage":"pt-BR","@id":"https:\/\/fia.com.br\/graduacao\/#\/schema\/person\/image\/","url":"https:\/\/secure.gravatar.com\/avatar\/b51150cc482a9fcb93d232c2a66e1f1c4dd3300ea21b8e732bfb1a73f707b6de?s=96&d=mm&r=g","contentUrl":"https:\/\/secure.gravatar.com\/avatar\/b51150cc482a9fcb93d232c2a66e1f1c4dd3300ea21b8e732bfb1a73f707b6de?s=96&d=mm&r=g","caption":"FIA"},"description":"Com um olhar sempre no futuro, desenvolvemos e disseminamos conhecimentos de teorias e m\u00e9todos de Administra\u00e7\u00e3o de Empresas, aperfei\u00e7oando o desempenho das institui\u00e7\u00f5es brasileiras atrav\u00e9s de tr\u00eas linhas b\u00e1sicas de atividade: Educa\u00e7\u00e3o Executiva, Pesquisa e Consultoria.","url":"https:\/\/fia.com.br\/graduacao\/blog\/author\/fia\/"}]}},"_links":{"self":[{"href":"https:\/\/fia.com.br\/graduacao\/wp-json\/wp\/v2\/posts\/13077","targetHints":{"allow":["GET"]}}],"collection":[{"href":"https:\/\/fia.com.br\/graduacao\/wp-json\/wp\/v2\/posts"}],"about":[{"href":"https:\/\/fia.com.br\/graduacao\/wp-json\/wp\/v2\/types\/post"}],"author":[{"embeddable":true,"href":"https:\/\/fia.com.br\/graduacao\/wp-json\/wp\/v2\/users\/6"}],"replies":[{"embeddable":true,"href":"https:\/\/fia.com.br\/graduacao\/wp-json\/wp\/v2\/comments?post=13077"}],"version-history":[{"count":0,"href":"https:\/\/fia.com.br\/graduacao\/wp-json\/wp\/v2\/posts\/13077\/revisions"}],"wp:featuredmedia":[{"embeddable":true,"href":"https:\/\/fia.com.br\/graduacao\/wp-json\/wp\/v2\/media\/13081"}],"wp:attachment":[{"href":"https:\/\/fia.com.br\/graduacao\/wp-json\/wp\/v2\/media?parent=13077"}],"wp:term":[{"taxonomy":"category","embeddable":true,"href":"https:\/\/fia.com.br\/graduacao\/wp-json\/wp\/v2\/categories?post=13077"},{"taxonomy":"post_tag","embeddable":true,"href":"https:\/\/fia.com.br\/graduacao\/wp-json\/wp\/v2\/tags?post=13077"}],"curies":[{"name":"wp","href":"https:\/\/api.w.org\/{rel}","templated":true}]}}