{"id":13047,"date":"2020-04-29T10:00:03","date_gmt":"2020-04-29T13:00:03","guid":{"rendered":"https:\/\/graduacaofia.wpenginepowered.com\/?p=13047"},"modified":"2020-04-29T10:00:03","modified_gmt":"2020-04-29T13:00:03","slug":"dinamica-de-grupo-para-jovens","status":"publish","type":"post","link":"https:\/\/fia.com.br\/graduacao\/blog\/dinamica-de-grupo-para-jovens\/","title":{"rendered":"Din\u00e2mica de grupo para jovens: o que eu devo saber?"},"content":{"rendered":"\n<p>A entrada na vida adulta e o come\u00e7o de sua carreira\nprofissional s\u00e3o marcos enormes e podem trazer um pouco de ansiedade.\nEspecialmente porque alguns novos cen\u00e1rios v\u00e3o come\u00e7ar a fazer parte de sua vida.&nbsp; Neste texto, n\u00f3s vamos abordar um deles, que\n\u00e9 de suma import\u00e2ncia: como ir bem em uma din\u00e2mica de grupo para jovens?<\/p>\n\n\n\n<p>Sim, \u00e9 bastante diferente as din\u00e2micas em processos de est\u00e1gio, <a href=\"https:\/\/istoe.com.br\/146959_POR+QUE+TODOS+QUEREM+SER+TRAINEES+\/\" target=\"_blank\" rel=\"noreferrer noopener\" aria-label=\" (abre em uma nova aba)\">trainee<\/a> e vagas para fun\u00e7\u00f5es j\u00fanior em rela\u00e7\u00e3o a din\u00e2micas com profissionais experientes. E ela exige uma certa prepara\u00e7\u00e3o para tudo dar certo e voc\u00ea come\u00e7ar com o p\u00e9 direito. <\/p>\n\n\n\n<p>Vamos \u00e0s dicas sobre o que saber ent\u00e3o. Neste texto focaremos nas din\u00e2micas de grupo para a <a href=\"https:\/\/fia.com.br\/blog\/entrevista-de-emprego\/\" target=\"_blank\" rel=\"noreferrer noopener\" aria-label=\" (abre em uma nova aba)\">contrata\u00e7\u00e3o de colaboradores<\/a>. Mas saiba que elas tamb\u00e9m podem acontecer dentro das empresas, por exemplo. <\/p>\n\n\n\n<h2 class=\"wp-block-heading\">N\u00e3o se preocupe com a falta de experi\u00eancia<\/h2>\n\n\n\n<p>A menos que exista um prod\u00edgio nessa din\u00e2mica de grupo para\njovens, todos que est\u00e3o ali n\u00e3o ter\u00e3o grande experi\u00eancia profissional. <\/p>\n\n\n\n<p>Portanto, n\u00e3o fique ansioso com isso na hora de fazer seu\ncurr\u00edculo ou quando pedem para voc\u00ea se apresentar durante a din\u00e2mica de grupo.<\/p>\n\n\n\n<p>O importante \u00e9 que voc\u00ea consiga expor sua experi\u00eancia e\nconquistas at\u00e9 aquele momento. Ter entrado em uma institui\u00e7\u00e3o de ensino\nsuperior de nome, um trabalho da faculdade que mere\u00e7a destaque, projetos\nlaboratoriais interessantes, tudo isso vale.<\/p>\n\n\n\n<p>O que conta para os profissionais de RH e da empresa\npresentes \u00e9 entender o que voc\u00ea pode entregar caso consiga o emprego. Dom\u00ednio\nde idiomas e experi\u00eancias no exterior tamb\u00e9m contam a favor.<\/p>\n\n\n\n<h2 class=\"wp-block-heading\">Mostre que voc\u00ea est\u00e1 pronto para grandes desafios<\/h2>\n\n\n\n<p>A fase da escola acabou e a vida adulta traz uma s\u00e9rie de\nresponsabilidades e desafios. Saber se voc\u00ea est\u00e1 pronto \u00e9 um dos crit\u00e9rios que\nser\u00e3o usados pelos selecionadores, sem d\u00favidas. <\/p>\n\n\n\n<p>Ent\u00e3o mostre que voc\u00ea respeita a <a href=\"https:\/\/exame.abril.com.br\/carreira\/os-9-erros-mais-comuns-em-uma-selecao-para-trainees\/\">import\u00e2ncia\ndo processo<\/a>. Vista-se com roupas profissionais, tente evitar g\u00edrias e\nexpress\u00f5es e tente prestar m\u00e1xima aten\u00e7\u00e3o ao que \u00e9 falado e pedido.<\/p>\n\n\n\n<p>Al\u00e9m de saber expor bem suas ideias e sua caminhada at\u00e9\naquele momento, seja respeitoso com seus concorrentes. Ou\u00e7a o que eles t\u00eam a\nfalar e valorize suas opini\u00f5es e esfor\u00e7o em atividades em grupo.<\/p>\n\n\n\n<p>Sobre as atividades, que costumam gerar alguma inseguran\u00e7a\nnos inscritos em um processo seletivo, a verdade \u00e9 que n\u00e3o h\u00e1 por que se\npreocupar. Nada do que ser\u00e1 pedido est\u00e1 fora de sua al\u00e7ada.<\/p>\n\n\n\n<p>O que voc\u00ea precisa se preocupar \u00e9 sua atitude nessas\natividades. O processo incentivar\u00e1 a forma\u00e7\u00e3o de grupos e a ideia com isso \u00e9\nnotar o comportamento dos participantes. <\/p>\n\n\n\n<p>\u00c9 normal que nessa hora seja entregue um desafio e voc\u00ea se\njunte a um grupo. <\/p>\n\n\n\n<p>Os selecionadores rodar\u00e3o pela sala de forma atenta para\nnotar a atitude e outras caracter\u00edsticas de cada um dos participantes.<\/p>\n\n\n\n<p>Um erro comum \u00e9 querer liderar o grupo a todo custo porque\nisso pode ser bem visto pelos recrutadores. <\/p>\n\n\n\n<p>Claro que ser um l\u00edder \u00e9 algo positivo. Mas isso n\u00e3o \u00e9 algo\nque todos conseguem fazer. E nem precisa ser assim.<\/p>\n\n\n\n<p>Se voc\u00ea assume a lideran\u00e7a de forma org\u00e2nica, inspira seus\ncolegas e traz boas ideias, perfeito. Mas se voc\u00ea quer ser l\u00edder no grito e\nsuas ideias n\u00e3o s\u00e3o boas, \u00e9 prov\u00e1vel que sua din\u00e2mica de grupo seja\ninsatisfat\u00f3ria.<\/p>\n\n\n\n<p>Portanto, aja de forma natural. N\u00e3o h\u00e1 dem\u00e9rito nenhum em\nser um jogador de equipe, que n\u00e3o brilha tanto, mas \u00e9 fundamental para a\nexecu\u00e7\u00e3o do projeto. Pode ter certeza que os selecionadores ficam de olho nisso\nem uma din\u00e2mica de grupo para jovens. <\/p>\n\n\n\n<p>At\u00e9 porque um profissional que est\u00e1 em seus primeiros passos\nna carreira profissional n\u00e3o entrar\u00e1 na empresa para ser CEO. Ele ter\u00e1 toda a\nhierarquia em cima dele e saber sua fun\u00e7\u00e3o e complet\u00e1-la de forma satisfat\u00f3ria \u00e9\nfundamental.<\/p>\n\n\n\n<p>Por isso, note qual \u00e9 a necessidade no momento. Se o grupo\nprecisa de algu\u00e9m que lidere, assuma essa posi\u00e7\u00e3o se voc\u00ea acreditar ter o necess\u00e1rio\npara o papel naquele momento.<\/p>\n\n\n\n<p>Se j\u00e1 existe um l\u00edder ou algu\u00e9m com uma ideia boa, compre\nessa ideia e trabalhe por ela, dando tamb\u00e9m sua opini\u00e3o e mostrando interesse.\nIsso tamb\u00e9m ser\u00e1 muito valorizado.<\/p>\n\n\n\n<h2 class=\"wp-block-heading\">O que os selecionadores buscam em uma din\u00e2mica de grupo para jovens?<\/h2>\n\n\n\n<p>S\u00e3o muitas as <a href=\"https:\/\/graduacaofia.wpenginepowered.com\/blog\/habilidades-profissionais-mais-buscadas\/\" target=\"_blank\" rel=\"noreferrer noopener\" aria-label=\" (abre em uma nova aba)\">habilidades que os selecionadores podem procurar<\/a>, j\u00e1 que as vagas podem ser para completar todo tipo de necessidade de uma empresa.<\/p>\n\n\n\n<p>Uma boa dica para saber quais s\u00e3o essas necessidades \u2013 e se\nvoc\u00ea pode supri-las \u2013 \u00e9 ler com bastante cuidado todo o material criado para o\nprocesso seletivo. <\/p>\n\n\n\n<p>Acessar not\u00edcias sobre a empresa e tomar conhecimento sobre o momento dela (expans\u00e3o, transforma\u00e7\u00e3o?) tamb\u00e9m podem te colocar <a href=\"https:\/\/exame.abril.com.br\/carreira\/os-erros-mais-comuns-na-entrevista-de-emprego-e-como-supera-los\/\" target=\"_blank\" rel=\"noreferrer noopener\" aria-label=\" (abre em uma nova aba)\">um passo \u00e0 frente no momento da din\u00e2mica<\/a>.<\/p>\n\n\n\n<p>De forma geral, os selecionadores ir\u00e3o buscar profissionais\nque:<\/p>\n\n\n\n<ul>\n \t<li style=\"list-style-type: none\">\n<ul class=\"flat-list style1\">\n \t<li>S\u00e3o vers\u00e1teis e conseguem atuar em mais de um\nsetor ou em mais de uma fun\u00e7\u00e3o<\/li>\n \t<li>Saibam trabalhar em equipe e assumam a posi\u00e7\u00e3o\nde lideran\u00e7a ou de \u201ccarregador de piano\u201d dependendo do contexto<\/li>\n \t<li>S\u00e3o criativos e conseguem resolver problemas em\nvez de parar na frente deles<\/li>\n        <li>S\u00e3o proativos, n\u00e3o precisam de uma ordem para\ncome\u00e7ar a agir.<\/li>\n \t<\/ul>\n\n\n\n<h2 class=\"wp-block-heading\">Seja voc\u00ea mesmo<\/h2>\n\n\n\n<p>Normalmente parece que s\u00f3 pessoas extrovertidas, que falam\nbastante e assumem o controle se d\u00e3o bem no contexto citado, mas saiba que as\ndin\u00e2micas de grupo para jovens podem te surpreender.<\/p>\n\n\n\n<p>Os selecionadores comandam atividades assim a todo momento,\nentrando em contato com enormes quantidades de pessoas, perfis, necessidades e\ncomportamentos.<\/p>\n\n\n\n<p>\u00c9 claro que n\u00e3o \u00e9 um processo heterog\u00eaneo, que sempre\nseleciona os mesmos.<\/p>\n\n\n\n<p>At\u00e9 uma empresa que procure um l\u00edder para o seu futuro est\u00e1 aberta \u00e0 diversidade. Afinal, <a href=\"https:\/\/fia.com.br\/blog\/como-ser-um-bom-lider\/\" target=\"_blank\" rel=\"noreferrer noopener\" aria-label=\" (abre em uma nova aba)\">nem todos os l\u00edderes s\u00e3o iguais<\/a>: alguns s\u00e3o mais expansivos e figurativos, outros lideram pelo exemplo.<\/p>\n\n\n\n<p>Portanto, seja voc\u00ea mesmo. N\u00e3o tente assumir pap\u00e9is que n\u00e3o\ns\u00e3o o seu porque isso ficar\u00e1 evidente aos olhos treinados.\n\nFa\u00e7a uma boa prepara\u00e7\u00e3o, conhe\u00e7a a empresa e at\u00e9\nensaie o que voc\u00ea dir\u00e1 ao se apresentar e mencionar suas experi\u00eancias\nanteriores. Feito isso, a din\u00e2mica de grupo para jovens estar\u00e1 longe de ser um\nbicho de sete cabe\u00e7as.\n\n\n\n<\/p>\n","protected":false},"excerpt":{"rendered":"<p>A entrada na vida adulta e o come\u00e7o de sua carreira profissional s\u00e3o marcos enormes e podem trazer um pouco de ansiedade. Especialmente porque alguns novos cen\u00e1rios v\u00e3o come\u00e7ar a fazer parte de sua vida.  Neste texto, n\u00f3s vamos abordar um deles, que \u00e9 de suma import\u00e2ncia: como ir bem em uma din\u00e2mica de grupo para jovens?<\/p>\n","protected":false},"author":6,"featured_media":13056,"comment_status":"open","ping_status":"open","sticky":false,"template":"","format":"standard","meta":{"_acf_changed":false,"footnotes":""},"categories":[8],"tags":[],"class_list":["post-13047","post","type-post","status-publish","format-standard","has-post-thumbnail","hentry","category-carreira"],"acf":[],"yoast_head":"<!-- This site is optimized with the Yoast SEO plugin v23.5 - https:\/\/yoast.com\/wordpress\/plugins\/seo\/ -->\n<title>Din\u00e2mica de grupo para jovens: o que eu devo saber? - Gradua\u00e7\u00e3o<\/title>\n<meta name=\"description\" content=\"A entrada na vida adulta e o come\u00e7o de sua carreira profissional s\u00e3o marcos enormes, portanto, como ir bem em uma din\u00e2mica de grupo para jovens? Saiba mais.\" \/>\n<meta name=\"robots\" content=\"index, follow, max-snippet:-1, max-image-preview:large, max-video-preview:-1\" \/>\n<link rel=\"canonical\" href=\"https:\/\/fia.com.br\/graduacao\/blog\/dinamica-de-grupo-para-jovens\/\" \/>\n<meta property=\"og:locale\" content=\"pt_BR\" \/>\n<meta property=\"og:type\" content=\"article\" \/>\n<meta property=\"og:title\" content=\"Din\u00e2mica de grupo para jovens: o que eu devo saber? - Gradua\u00e7\u00e3o\" \/>\n<meta property=\"og:description\" content=\"A entrada na vida adulta e o come\u00e7o de sua carreira profissional s\u00e3o marcos enormes, portanto, como ir bem em uma din\u00e2mica de grupo para jovens? Saiba mais.\" \/>\n<meta property=\"og:url\" content=\"https:\/\/fia.com.br\/graduacao\/blog\/dinamica-de-grupo-para-jovens\/\" \/>\n<meta property=\"og:site_name\" content=\"Gradua\u00e7\u00e3o\" \/>\n<meta property=\"article:published_time\" content=\"2020-04-29T13:00:03+00:00\" \/>\n<meta property=\"og:image\" content=\"https:\/\/fia.com.br\/graduacao\/wp-content\/uploads\/sites\/6\/2020\/04\/iStock-944502058-scaled.jpg\" \/>\n\t<meta property=\"og:image:width\" content=\"2560\" \/>\n\t<meta property=\"og:image:height\" content=\"1709\" \/>\n\t<meta property=\"og:image:type\" content=\"image\/jpeg\" \/>\n<meta name=\"author\" content=\"FIA\" \/>\n<meta name=\"twitter:card\" content=\"summary_large_image\" \/>\n<meta name=\"twitter:label1\" content=\"Escrito por\" \/>\n\t<meta name=\"twitter:data1\" content=\"FIA\" \/>\n\t<meta name=\"twitter:label2\" content=\"Est. tempo de leitura\" \/>\n\t<meta name=\"twitter:data2\" content=\"5 minutos\" \/>\n<script type=\"application\/ld+json\" class=\"yoast-schema-graph\">{\"@context\":\"https:\/\/schema.org\",\"@graph\":[{\"@type\":\"WebPage\",\"@id\":\"https:\/\/fia.com.br\/graduacao\/blog\/dinamica-de-grupo-para-jovens\/\",\"url\":\"https:\/\/fia.com.br\/graduacao\/blog\/dinamica-de-grupo-para-jovens\/\",\"name\":\"Din\u00e2mica de grupo para jovens: o que eu devo saber? - Gradua\u00e7\u00e3o\",\"isPartOf\":{\"@id\":\"https:\/\/fia.com.br\/graduacao\/#website\"},\"primaryImageOfPage\":{\"@id\":\"https:\/\/fia.com.br\/graduacao\/blog\/dinamica-de-grupo-para-jovens\/#primaryimage\"},\"image\":{\"@id\":\"https:\/\/fia.com.br\/graduacao\/blog\/dinamica-de-grupo-para-jovens\/#primaryimage\"},\"thumbnailUrl\":\"https:\/\/fia.com.br\/graduacao\/wp-content\/uploads\/sites\/6\/2020\/04\/iStock-944502058-scaled.jpg\",\"datePublished\":\"2020-04-29T13:00:03+00:00\",\"dateModified\":\"2020-04-29T13:00:03+00:00\",\"author\":{\"@id\":\"https:\/\/fia.com.br\/graduacao\/#\/schema\/person\/09d96b732802edb5307e35f3aca6f31b\"},\"description\":\"A entrada na vida adulta e o come\u00e7o de sua carreira profissional s\u00e3o marcos enormes, portanto, como ir bem em uma din\u00e2mica de grupo para jovens? Saiba mais.\",\"breadcrumb\":{\"@id\":\"https:\/\/fia.com.br\/graduacao\/blog\/dinamica-de-grupo-para-jovens\/#breadcrumb\"},\"inLanguage\":\"pt-BR\",\"potentialAction\":[{\"@type\":\"ReadAction\",\"target\":[\"https:\/\/fia.com.br\/graduacao\/blog\/dinamica-de-grupo-para-jovens\/\"]}]},{\"@type\":\"ImageObject\",\"inLanguage\":\"pt-BR\",\"@id\":\"https:\/\/fia.com.br\/graduacao\/blog\/dinamica-de-grupo-para-jovens\/#primaryimage\",\"url\":\"https:\/\/fia.com.br\/graduacao\/wp-content\/uploads\/sites\/6\/2020\/04\/iStock-944502058-scaled.jpg\",\"contentUrl\":\"https:\/\/fia.com.br\/graduacao\/wp-content\/uploads\/sites\/6\/2020\/04\/iStock-944502058-scaled.jpg\",\"width\":2560,\"height\":1709,\"caption\":\"multinational businesspeople having relaxed conversation over new project\"},{\"@type\":\"BreadcrumbList\",\"@id\":\"https:\/\/fia.com.br\/graduacao\/blog\/dinamica-de-grupo-para-jovens\/#breadcrumb\",\"itemListElement\":[{\"@type\":\"ListItem\",\"position\":1,\"name\":\"In\u00edcio\",\"item\":\"https:\/\/fia.com.br\/graduacao\/\"},{\"@type\":\"ListItem\",\"position\":2,\"name\":\"Din\u00e2mica de grupo para jovens: o que eu devo saber?\"}]},{\"@type\":\"WebSite\",\"@id\":\"https:\/\/fia.com.br\/graduacao\/#website\",\"url\":\"https:\/\/fia.com.br\/graduacao\/\",\"name\":\"FIA\",\"description\":\"FIA - Funda\u00e7\u00e3o Instituto de Administra\u00e7\u00e3o\",\"potentialAction\":[{\"@type\":\"SearchAction\",\"target\":{\"@type\":\"EntryPoint\",\"urlTemplate\":\"https:\/\/fia.com.br\/graduacao\/?s={search_term_string}\"},\"query-input\":{\"@type\":\"PropertyValueSpecification\",\"valueRequired\":true,\"valueName\":\"search_term_string\"}}],\"inLanguage\":\"pt-BR\"},{\"@type\":\"Person\",\"@id\":\"https:\/\/fia.com.br\/graduacao\/#\/schema\/person\/09d96b732802edb5307e35f3aca6f31b\",\"name\":\"FIA\",\"image\":{\"@type\":\"ImageObject\",\"inLanguage\":\"pt-BR\",\"@id\":\"https:\/\/fia.com.br\/graduacao\/#\/schema\/person\/image\/\",\"url\":\"https:\/\/secure.gravatar.com\/avatar\/b51150cc482a9fcb93d232c2a66e1f1c4dd3300ea21b8e732bfb1a73f707b6de?s=96&d=mm&r=g\",\"contentUrl\":\"https:\/\/secure.gravatar.com\/avatar\/b51150cc482a9fcb93d232c2a66e1f1c4dd3300ea21b8e732bfb1a73f707b6de?s=96&d=mm&r=g\",\"caption\":\"FIA\"},\"description\":\"Com um olhar sempre no futuro, desenvolvemos e disseminamos conhecimentos de teorias e m\u00e9todos de Administra\u00e7\u00e3o de Empresas, aperfei\u00e7oando o desempenho das institui\u00e7\u00f5es brasileiras atrav\u00e9s de tr\u00eas linhas b\u00e1sicas de atividade: Educa\u00e7\u00e3o Executiva, Pesquisa e Consultoria.\",\"url\":\"https:\/\/fia.com.br\/graduacao\/blog\/author\/fia\/\"}]}<\/script>\n<!-- \/ Yoast SEO plugin. -->","yoast_head_json":{"title":"Din\u00e2mica de grupo para jovens: o que eu devo saber? - Gradua\u00e7\u00e3o","description":"A entrada na vida adulta e o come\u00e7o de sua carreira profissional s\u00e3o marcos enormes, portanto, como ir bem em uma din\u00e2mica de grupo para jovens? Saiba mais.","robots":{"index":"index","follow":"follow","max-snippet":"max-snippet:-1","max-image-preview":"max-image-preview:large","max-video-preview":"max-video-preview:-1"},"canonical":"https:\/\/fia.com.br\/graduacao\/blog\/dinamica-de-grupo-para-jovens\/","og_locale":"pt_BR","og_type":"article","og_title":"Din\u00e2mica de grupo para jovens: o que eu devo saber? - Gradua\u00e7\u00e3o","og_description":"A entrada na vida adulta e o come\u00e7o de sua carreira profissional s\u00e3o marcos enormes, portanto, como ir bem em uma din\u00e2mica de grupo para jovens? Saiba mais.","og_url":"https:\/\/fia.com.br\/graduacao\/blog\/dinamica-de-grupo-para-jovens\/","og_site_name":"Gradua\u00e7\u00e3o","article_published_time":"2020-04-29T13:00:03+00:00","og_image":[{"width":2560,"height":1709,"url":"https:\/\/fia.com.br\/graduacao\/wp-content\/uploads\/sites\/6\/2020\/04\/iStock-944502058-scaled.jpg","type":"image\/jpeg"}],"author":"FIA","twitter_card":"summary_large_image","twitter_misc":{"Escrito por":"FIA","Est. tempo de leitura":"5 minutos"},"schema":{"@context":"https:\/\/schema.org","@graph":[{"@type":"WebPage","@id":"https:\/\/fia.com.br\/graduacao\/blog\/dinamica-de-grupo-para-jovens\/","url":"https:\/\/fia.com.br\/graduacao\/blog\/dinamica-de-grupo-para-jovens\/","name":"Din\u00e2mica de grupo para jovens: o que eu devo saber? - Gradua\u00e7\u00e3o","isPartOf":{"@id":"https:\/\/fia.com.br\/graduacao\/#website"},"primaryImageOfPage":{"@id":"https:\/\/fia.com.br\/graduacao\/blog\/dinamica-de-grupo-para-jovens\/#primaryimage"},"image":{"@id":"https:\/\/fia.com.br\/graduacao\/blog\/dinamica-de-grupo-para-jovens\/#primaryimage"},"thumbnailUrl":"https:\/\/fia.com.br\/graduacao\/wp-content\/uploads\/sites\/6\/2020\/04\/iStock-944502058-scaled.jpg","datePublished":"2020-04-29T13:00:03+00:00","dateModified":"2020-04-29T13:00:03+00:00","author":{"@id":"https:\/\/fia.com.br\/graduacao\/#\/schema\/person\/09d96b732802edb5307e35f3aca6f31b"},"description":"A entrada na vida adulta e o come\u00e7o de sua carreira profissional s\u00e3o marcos enormes, portanto, como ir bem em uma din\u00e2mica de grupo para jovens? Saiba mais.","breadcrumb":{"@id":"https:\/\/fia.com.br\/graduacao\/blog\/dinamica-de-grupo-para-jovens\/#breadcrumb"},"inLanguage":"pt-BR","potentialAction":[{"@type":"ReadAction","target":["https:\/\/fia.com.br\/graduacao\/blog\/dinamica-de-grupo-para-jovens\/"]}]},{"@type":"ImageObject","inLanguage":"pt-BR","@id":"https:\/\/fia.com.br\/graduacao\/blog\/dinamica-de-grupo-para-jovens\/#primaryimage","url":"https:\/\/fia.com.br\/graduacao\/wp-content\/uploads\/sites\/6\/2020\/04\/iStock-944502058-scaled.jpg","contentUrl":"https:\/\/fia.com.br\/graduacao\/wp-content\/uploads\/sites\/6\/2020\/04\/iStock-944502058-scaled.jpg","width":2560,"height":1709,"caption":"multinational businesspeople having relaxed conversation over new project"},{"@type":"BreadcrumbList","@id":"https:\/\/fia.com.br\/graduacao\/blog\/dinamica-de-grupo-para-jovens\/#breadcrumb","itemListElement":[{"@type":"ListItem","position":1,"name":"In\u00edcio","item":"https:\/\/fia.com.br\/graduacao\/"},{"@type":"ListItem","position":2,"name":"Din\u00e2mica de grupo para jovens: o que eu devo saber?"}]},{"@type":"WebSite","@id":"https:\/\/fia.com.br\/graduacao\/#website","url":"https:\/\/fia.com.br\/graduacao\/","name":"FIA","description":"FIA - Funda\u00e7\u00e3o Instituto de Administra\u00e7\u00e3o","potentialAction":[{"@type":"SearchAction","target":{"@type":"EntryPoint","urlTemplate":"https:\/\/fia.com.br\/graduacao\/?s={search_term_string}"},"query-input":{"@type":"PropertyValueSpecification","valueRequired":true,"valueName":"search_term_string"}}],"inLanguage":"pt-BR"},{"@type":"Person","@id":"https:\/\/fia.com.br\/graduacao\/#\/schema\/person\/09d96b732802edb5307e35f3aca6f31b","name":"FIA","image":{"@type":"ImageObject","inLanguage":"pt-BR","@id":"https:\/\/fia.com.br\/graduacao\/#\/schema\/person\/image\/","url":"https:\/\/secure.gravatar.com\/avatar\/b51150cc482a9fcb93d232c2a66e1f1c4dd3300ea21b8e732bfb1a73f707b6de?s=96&d=mm&r=g","contentUrl":"https:\/\/secure.gravatar.com\/avatar\/b51150cc482a9fcb93d232c2a66e1f1c4dd3300ea21b8e732bfb1a73f707b6de?s=96&d=mm&r=g","caption":"FIA"},"description":"Com um olhar sempre no futuro, desenvolvemos e disseminamos conhecimentos de teorias e m\u00e9todos de Administra\u00e7\u00e3o de Empresas, aperfei\u00e7oando o desempenho das institui\u00e7\u00f5es brasileiras atrav\u00e9s de tr\u00eas linhas b\u00e1sicas de atividade: Educa\u00e7\u00e3o Executiva, Pesquisa e Consultoria.","url":"https:\/\/fia.com.br\/graduacao\/blog\/author\/fia\/"}]}},"_links":{"self":[{"href":"https:\/\/fia.com.br\/graduacao\/wp-json\/wp\/v2\/posts\/13047","targetHints":{"allow":["GET"]}}],"collection":[{"href":"https:\/\/fia.com.br\/graduacao\/wp-json\/wp\/v2\/posts"}],"about":[{"href":"https:\/\/fia.com.br\/graduacao\/wp-json\/wp\/v2\/types\/post"}],"author":[{"embeddable":true,"href":"https:\/\/fia.com.br\/graduacao\/wp-json\/wp\/v2\/users\/6"}],"replies":[{"embeddable":true,"href":"https:\/\/fia.com.br\/graduacao\/wp-json\/wp\/v2\/comments?post=13047"}],"version-history":[{"count":0,"href":"https:\/\/fia.com.br\/graduacao\/wp-json\/wp\/v2\/posts\/13047\/revisions"}],"wp:featuredmedia":[{"embeddable":true,"href":"https:\/\/fia.com.br\/graduacao\/wp-json\/wp\/v2\/media\/13056"}],"wp:attachment":[{"href":"https:\/\/fia.com.br\/graduacao\/wp-json\/wp\/v2\/media?parent=13047"}],"wp:term":[{"taxonomy":"category","embeddable":true,"href":"https:\/\/fia.com.br\/graduacao\/wp-json\/wp\/v2\/categories?post=13047"},{"taxonomy":"post_tag","embeddable":true,"href":"https:\/\/fia.com.br\/graduacao\/wp-json\/wp\/v2\/tags?post=13047"}],"curies":[{"name":"wp","href":"https:\/\/api.w.org\/{rel}","templated":true}]}}