{"id":12210,"date":"2019-06-26T11:00:23","date_gmt":"2019-06-26T14:00:23","guid":{"rendered":"https:\/\/graduacaofia.wpenginepowered.com\/?p=12210"},"modified":"2025-09-17T12:36:25","modified_gmt":"2025-09-17T15:36:25","slug":"profissional-generalista","status":"publish","type":"post","link":"https:\/\/fia.com.br\/graduacao\/blog\/profissional-generalista\/","title":{"rendered":"Profissional generalista: conhe\u00e7a as vantagens e diferenciais desse perfil!"},"content":{"rendered":"<p>N\u00e3o \u00e9 segredo que, para obter destaque no mercado, contar com uma boa qualifica\u00e7\u00e3o \u00e9 fundamental. Entretanto, em meio a um cen\u00e1rio marcado pelo dinamismo \u2014 com novas profiss\u00f5es, ferramentas e habilidades surgindo a todo o momento \u2014, \u00e9 comum ter d\u00favidas como: &#8220;\u00e9 melhor me especializar em uma s\u00f3 \u00e1rea ou ter conhecimentos amplos sobre diversos campos?&#8221;. Em outras palavras, &#8220;<strong>devo ser um profissional generalista ou especialista<\/strong>?&#8221;.<\/p>\n<p>Felizmente, as empresas t\u00eam demandas tanto para o profissional generalista quanto para o especialista, a depender de suas atividades. Entender como \u00e9 o <a href=\"https:\/\/graduacaofia.wpenginepowered.com\/blog\/conheca-o-perfil-ideal-do-profissional-de-administracao\/\" target=\"_blank\" rel=\"noopener\">perfil<\/a> de ambos \u00e9 a chave para conhecer em qual deles voc\u00ea mais se encaixa e, assim, trilhar uma carreira de sucesso. Foi justamente pensando nisso que preparamos este post! Vamos l\u00e1?<\/p>\n<h2>O que \u00e9 um profissional generalista?<\/h2>\n<p>O profissional generalista \u00e9, na verdade, <strong>especialista em interagir com v\u00e1rias \u00e1reas<\/strong>, j\u00e1 que conta com conhecimentos \u2014 bem como compet\u00eancias e habilidades \u2014 diversificados sobre todas elas. Dessa forma, ele apresenta uma vis\u00e3o sist\u00eamica do neg\u00f3cio e at\u00e9 mesmo de sua pr\u00f3pria profiss\u00e3o. Um excelente exemplo, aqui, \u00e9 o <a href=\"https:\/\/graduacaofia.wpenginepowered.com\/blog\/profissional-de-administracao\/\" target=\"_blank\" rel=\"noopener\"><strong>administrador<\/strong><\/a>.<\/p>\n<p>Isso porque a pr\u00f3pria <a href=\"https:\/\/graduacaofia.wpenginepowered.com\/blog\/por-que-estudar-administracao\/\" target=\"_blank\" rel=\"noopener\"><strong>faculdade de administra\u00e7\u00e3o<\/strong><\/a><strong> oferece ao aluno uma forma\u00e7\u00e3o mais generalista<\/strong>, com disciplinas dos campos de humanas (marketing, gest\u00e3o de pessoas, psicologia aplicada, entre outras) e exatas (matem\u00e1tica financeira, <a href=\"https:\/\/graduacaofia.wpenginepowered.com\/blog\/administracao-e-economia-quais-as-diferencas-entre-as-graduacoes\/\" target=\"_blank\" rel=\"noopener\">economia<\/a>, finan\u00e7as corporativas etc). Os cursos que t\u00eam um olhar mais voltado para o futuro tamb\u00e9m incluem em suas grades mat\u00e9rias voltadas ao <strong>empreendedorismo e ao universo das startups<\/strong>.<\/p>\n<p>Dessa forma, profissionais generalistas como o administrador est\u00e3o aptos a compreender o relacionamento entre as diversas \u00e1reas de uma empresa e como esse trabalho integrador e colaborativo \u00e9 fundamental.<\/p>\n<p>Para os gestores, tal habilidade de enxergar o todo \u00e9 muito bem-vista \u2014 e esse \u00e9, inclusive, um dos motivos para que colaboradores com esse perfil tenham mais facilidade para assumir cargos de lideran\u00e7a, como veremos adiante.<\/p>\n<h2>Como ele se distingue do profissional especialista?<\/h2>\n<p>Diferentemente do generalista, o profissional especialista tem <strong>altos n\u00edveis de conhecimento sobre um tema espec\u00edfico<\/strong>. Aqui, vamos considerar o exemplo de um engenheiro formado em Engenharia Mec\u00e2nica e que tamb\u00e9m \u00e9 p\u00f3s-graduado na \u00e1rea. A tend\u00eancia \u00e9 que a atua\u00e7\u00e3o fa\u00e7a dele um especialista nesse campo, se aprofundando cada vez mais nele ao longo de sua trajet\u00f3ria.<\/p>\n<p>Existem algumas situa\u00e7\u00f5es (como a mencionada acima) nas quais o especialista \u00e9 mais buscado, como nas \u00e1reas que demandam um elevado grau de prepara\u00e7\u00e3o. De modo geral, ele trabalha de modo mais t\u00e9cnico, resolvendo problemas espec\u00edficos por contar com as habilidades necess\u00e1rias para tal.<\/p>\n<p>Por outro lado, essa \u00e9 tamb\u00e9m uma das desvantagens do perfil especialista em rela\u00e7\u00e3o ao generalista. Em casos nos quais a empresa precisa reduzir gastos, a op\u00e7\u00e3o \u00e9 pelos profissionais que entendam de v\u00e1rias coisas, em vez de contratar apenas um colaborador para resolver um assunto espec\u00edfico.<\/p>\n<p>Al\u00e9m disso, h\u00e1 o risco de que a especialidade escolhida seja apenas uma tend\u00eancia de mercado que, com o tempo, pode se tornar obsoleta.<\/p>\n<h2>Quais s\u00e3o as vantagens e diferenciais de um perfil generalista?<\/h2>\n<h3>Empregabilidade<\/h3>\n<p>Sendo um profissional generalista (ou &#8220;multiprofissional&#8221;), voc\u00ea certamente ter\u00e1 mais facilidade para encontrar oportunidades alinhadas, ou seja, as chances de <strong>empregabilidade <\/strong>se tornam maiores. Isso devido \u00e0 sua vis\u00e3o ampla e sist\u00eamica, capaz de relacionar estrategicamente elementos como pessoas, finan\u00e7as e recursos materiais para o cumprimento dos objetivos empresariais.<\/p>\n<p>Al\u00e9m disso, suas chances de sucesso tamb\u00e9m s\u00e3o promissoras. Trata-se de algo comprovado por pesquisadores das universidades norte-americanas de <a href=\"https:\/\/hbr.org\/2016\/06\/generalists-get-better-job-offers-than-specialists\" target=\"_blank\" rel=\"noopener\">Columbia e Tulane<\/a>. O estudo aponta que aqueles executivos de perfil generalista tem <strong>mais chances de crescer e garantir promo\u00e7\u00f5es<\/strong> ao longo de sua carreira.<\/p>\n<h3>Habilidades valorizadas pelo mercado<\/h3>\n<p>Dentro de sua atua\u00e7\u00e3o, o profissional generalista tem um perfil composto por <a href=\"https:\/\/graduacaofia.wpenginepowered.com\/blog\/confira-as-7-habilidades-do-administrador\/\" target=\"_blank\" rel=\"noopener\">habilidades<\/a> extremamente valorizadas pelo mercado atual, como:<\/p>\n<ul>\n<li>criatividade;<\/li>\n<li>proatividade;<\/li>\n<li>racioc\u00ednio l\u00f3gico e facilidade para resolver problemas de forma \u00e1gil e acertada;<\/li>\n<li>comunica\u00e7\u00e3o clara;<\/li>\n<li>bom relacionamento interpessoal, j\u00e1 que lidar\u00e1 com pessoas de todos os setores, integrando-as;<\/li>\n<li>empatia \u2014 n\u00e3o s\u00f3 para se colocar no lugar do outro, como tamb\u00e9m para lidar com ideias e vis\u00f5es que sejam diferentes das suas.<\/li>\n<\/ul>\n<h3>Mais espa\u00e7o dentro da carreira<\/h3>\n<p>Como mencionamos, o profissional generalista tem mais chances de se tornar um bom gestor, gerente e at\u00e9 mesmo CEO. Isso justamente por contar com olhares mais amplos e estrat\u00e9gicos sobre o funcionamento da empresa e do mercado, al\u00e9m das habilidades listadas acima.<\/p>\n<p>Tenha em mente que o conjunto desse perfil, para a execu\u00e7\u00e3o de cargos de lideran\u00e7a, se torna mais importante do que ter um conhecimento especializado unicamente no objeto de atua\u00e7\u00e3o da empresa. Afinal de contas, um gestor lida tamb\u00e9m com pessoas, fluxos de trabalho, motiva\u00e7\u00e3o dos times, entre outros elementos.<\/p>\n<h2>Como o profissional generalista trabalha?<\/h2>\n<p>O trabalho do profissional generalista tende a estar ligado a tarefas como gest\u00e3o de recursos, pessoas e processos: ou seja, exatamente uma das miss\u00f5es do administrador. Para ilustrar como ele atua, vamos utilizar mais um exemplo: imagine um profissional de TI especializado em operar um software adotado pela companhia na qual trabalha.<\/p>\n<p>Enquanto o profissional de TI est\u00e1 especializado em lidar apenas com as tarefas que envolvem o software, o generalista pode trabalhar em diversos ramos dentro do mesmo neg\u00f3cio ligados ao uso dessa ferramenta, como gerenciando o relacionamento com o cliente, organizando pedidos, certificando-se do cumprimento dos prazos de entrega, etc.<\/p>\n<p>Neste exemplo, fica claro que o generalista n\u00e3o precisa necessariamente entender da tecnologia que envolve o desenvolvimento do software (papel do especialista em TI), mas, sim, ser um gestor ou at\u00e9 mesmo o dono do neg\u00f3cio que o utiliza, podendo contratar e\/ou fazer a gest\u00e3o de profissionais especializados.<\/p>\n<p>No entanto, isso n\u00e3o significa jamais que os conhecimentos do generalista sejam sup\u00e9rfluos. Na verdade, ele pode at\u00e9 mesmo se qualificar por meio de <strong>especializa\u00e7\u00f5es, p\u00f3s-gradua\u00e7\u00f5es, MBAs<\/strong>, etc., continuando, ainda assim, a ser um profissional completo, que tem no\u00e7\u00f5es importantes sobre v\u00e1rias \u00e1reas.<\/p>\n<p>Por fim, \u00e9 importante frisar que nem todas as \u00e1reas aceitam a atua\u00e7\u00e3o do profissional generalista \u2014 uma vez que existem profiss\u00f5es regulamentadas nas quais as atividades exercidas s\u00e3o previstas em lei. Por exemplo, n\u00e3o \u00e9 por que um farmac\u00eautico recebeu uma forma\u00e7\u00e3o ampla com rela\u00e7\u00e3o \u00e0 \u00e1rea da sa\u00fade que ele poder\u00e1 atuar como m\u00e9dico. Conseguiu entender a diferen\u00e7a?<\/p>\n<p>Existe espa\u00e7o no mercado para o profissional generalista e para o especialista. No entanto, h\u00e1 contextos nos quais o primeiro perfil \u00e9 certamente o<strong> mais buscado pelas corpora\u00e7\u00f5es<\/strong>, sobretudo quando estamos falando de um administrador \u2014 que por natureza j\u00e1 recebe uma forma\u00e7\u00e3o ampla, que contempla campos de <a href=\"https:\/\/graduacaofia.wpenginepowered.com\/blog\/humanas-ou-exatas-qual-area-devo-seguir\/\" target=\"_blank\" rel=\"noopener\">humanas e exatas<\/a>, <a href=\"https:\/\/graduacaofia.wpenginepowered.com\/blog\/8-principais-caracteristicas-de-pessoas-com-perfil-empreendedor\/\" target=\"_blank\" rel=\"noopener\">empreendedorismo<\/a>, entre outros.<\/p>\n<p>Gostou de saber mais sobre o profissional generalista? Para continuar sempre por dentro de mais conte\u00fados importantes para a sua carreira, siga agora mais as p\u00e1ginas da FIA Gradua\u00e7\u00e3o nas redes sociais \u2014 estamos no <a href=\"https:\/\/www.facebook.com\/faculdadeFIA\/?fref=ts\" target=\"_blank\" rel=\"noopener\">Facebook <\/a>e no <a href=\"https:\/\/www.linkedin.com\/company\/fia\" target=\"_blank\" rel=\"noopener\">LindkedIn<\/a>!<\/p>\n","protected":false},"excerpt":{"rendered":"<p>N\u00e3o \u00e9 segredo que, para obter destaque no mercado, contar com uma boa qualifica\u00e7\u00e3o \u00e9 fundamental. Entretanto, em meio a um cen\u00e1rio marcado pelo dinamismo \u2014 com novas profiss\u00f5es, ferramentas e habilidades surgindo a todo o momento \u2014, \u00e9 comum ter d\u00favidas como: &#8220;\u00e9 melhor me especializar em uma s\u00f3 \u00e1rea ou ter conhecimentos amplos [&hellip;]<\/p>\n","protected":false},"author":6,"featured_media":12211,"comment_status":"open","ping_status":"open","sticky":false,"template":"","format":"standard","meta":{"_acf_changed":false,"footnotes":""},"categories":[8],"tags":[],"class_list":["post-12210","post","type-post","status-publish","format-standard","has-post-thumbnail","hentry","category-carreira"],"acf":[],"yoast_head":"<!-- This site is optimized with the Yoast SEO plugin v23.5 - https:\/\/yoast.com\/wordpress\/plugins\/seo\/ -->\n<title>Vantagens do Profissional Generalista no Mercado Atual<\/title>\n<meta name=\"description\" content=\"Como atua um profissional generalista? Quais caracter\u00edsticas fazem parte desse tipo de perfil? \u00c9 sobre isso que falaremos no post. Confira!\" \/>\n<meta name=\"robots\" content=\"index, follow, max-snippet:-1, max-image-preview:large, max-video-preview:-1\" \/>\n<link rel=\"canonical\" href=\"https:\/\/fia.com.br\/graduacao\/blog\/profissional-generalista\/\" \/>\n<meta property=\"og:locale\" content=\"pt_BR\" \/>\n<meta property=\"og:type\" content=\"article\" \/>\n<meta property=\"og:title\" content=\"Vantagens do Profissional Generalista no Mercado Atual\" \/>\n<meta property=\"og:description\" content=\"Como atua um profissional generalista? Quais caracter\u00edsticas fazem parte desse tipo de perfil? \u00c9 sobre isso que falaremos no post. Confira!\" \/>\n<meta property=\"og:url\" content=\"https:\/\/fia.com.br\/graduacao\/blog\/profissional-generalista\/\" \/>\n<meta property=\"og:site_name\" content=\"Gradua\u00e7\u00e3o\" \/>\n<meta property=\"article:published_time\" content=\"2019-06-26T14:00:23+00:00\" \/>\n<meta property=\"article:modified_time\" content=\"2025-09-17T15:36:25+00:00\" \/>\n<meta property=\"og:image\" content=\"https:\/\/fia.com.br\/graduacao\/wp-content\/uploads\/sites\/6\/2019\/06\/original-fdda419131406bdd6516857f67470ac3.jpg\" \/>\n\t<meta property=\"og:image:width\" content=\"2119\" \/>\n\t<meta property=\"og:image:height\" content=\"1414\" \/>\n\t<meta property=\"og:image:type\" content=\"image\/jpeg\" \/>\n<meta name=\"author\" content=\"FIA\" \/>\n<meta name=\"twitter:card\" content=\"summary_large_image\" \/>\n<meta name=\"twitter:label1\" content=\"Escrito por\" \/>\n\t<meta name=\"twitter:data1\" content=\"FIA\" \/>\n\t<meta name=\"twitter:label2\" content=\"Est. tempo de leitura\" \/>\n\t<meta name=\"twitter:data2\" content=\"7 minutos\" \/>\n<script type=\"application\/ld+json\" class=\"yoast-schema-graph\">{\"@context\":\"https:\/\/schema.org\",\"@graph\":[{\"@type\":\"WebPage\",\"@id\":\"https:\/\/fia.com.br\/graduacao\/blog\/profissional-generalista\/\",\"url\":\"https:\/\/fia.com.br\/graduacao\/blog\/profissional-generalista\/\",\"name\":\"Vantagens do Profissional Generalista no Mercado Atual\",\"isPartOf\":{\"@id\":\"https:\/\/fia.com.br\/graduacao\/#website\"},\"primaryImageOfPage\":{\"@id\":\"https:\/\/fia.com.br\/graduacao\/blog\/profissional-generalista\/#primaryimage\"},\"image\":{\"@id\":\"https:\/\/fia.com.br\/graduacao\/blog\/profissional-generalista\/#primaryimage\"},\"thumbnailUrl\":\"https:\/\/fia.com.br\/graduacao\/wp-content\/uploads\/sites\/6\/2019\/06\/original-fdda419131406bdd6516857f67470ac3.jpg\",\"datePublished\":\"2019-06-26T14:00:23+00:00\",\"dateModified\":\"2025-09-17T15:36:25+00:00\",\"author\":{\"@id\":\"https:\/\/fia.com.br\/graduacao\/#\/schema\/person\/09d96b732802edb5307e35f3aca6f31b\"},\"description\":\"Como atua um profissional generalista? Quais caracter\u00edsticas fazem parte desse tipo de perfil? \u00c9 sobre isso que falaremos no post. Confira!\",\"breadcrumb\":{\"@id\":\"https:\/\/fia.com.br\/graduacao\/blog\/profissional-generalista\/#breadcrumb\"},\"inLanguage\":\"pt-BR\",\"potentialAction\":[{\"@type\":\"ReadAction\",\"target\":[\"https:\/\/fia.com.br\/graduacao\/blog\/profissional-generalista\/\"]}]},{\"@type\":\"ImageObject\",\"inLanguage\":\"pt-BR\",\"@id\":\"https:\/\/fia.com.br\/graduacao\/blog\/profissional-generalista\/#primaryimage\",\"url\":\"https:\/\/fia.com.br\/graduacao\/wp-content\/uploads\/sites\/6\/2019\/06\/original-fdda419131406bdd6516857f67470ac3.jpg\",\"contentUrl\":\"https:\/\/fia.com.br\/graduacao\/wp-content\/uploads\/sites\/6\/2019\/06\/original-fdda419131406bdd6516857f67470ac3.jpg\",\"width\":2119,\"height\":1414,\"caption\":\"profissional generalista\"},{\"@type\":\"BreadcrumbList\",\"@id\":\"https:\/\/fia.com.br\/graduacao\/blog\/profissional-generalista\/#breadcrumb\",\"itemListElement\":[{\"@type\":\"ListItem\",\"position\":1,\"name\":\"In\u00edcio\",\"item\":\"https:\/\/fia.com.br\/graduacao\/\"},{\"@type\":\"ListItem\",\"position\":2,\"name\":\"Profissional generalista: conhe\u00e7a as vantagens e diferenciais desse perfil!\"}]},{\"@type\":\"WebSite\",\"@id\":\"https:\/\/fia.com.br\/graduacao\/#website\",\"url\":\"https:\/\/fia.com.br\/graduacao\/\",\"name\":\"FIA\",\"description\":\"FIA - Funda\u00e7\u00e3o Instituto de Administra\u00e7\u00e3o\",\"potentialAction\":[{\"@type\":\"SearchAction\",\"target\":{\"@type\":\"EntryPoint\",\"urlTemplate\":\"https:\/\/fia.com.br\/graduacao\/?s={search_term_string}\"},\"query-input\":{\"@type\":\"PropertyValueSpecification\",\"valueRequired\":true,\"valueName\":\"search_term_string\"}}],\"inLanguage\":\"pt-BR\"},{\"@type\":\"Person\",\"@id\":\"https:\/\/fia.com.br\/graduacao\/#\/schema\/person\/09d96b732802edb5307e35f3aca6f31b\",\"name\":\"FIA\",\"image\":{\"@type\":\"ImageObject\",\"inLanguage\":\"pt-BR\",\"@id\":\"https:\/\/fia.com.br\/graduacao\/#\/schema\/person\/image\/\",\"url\":\"https:\/\/secure.gravatar.com\/avatar\/b51150cc482a9fcb93d232c2a66e1f1c4dd3300ea21b8e732bfb1a73f707b6de?s=96&d=mm&r=g\",\"contentUrl\":\"https:\/\/secure.gravatar.com\/avatar\/b51150cc482a9fcb93d232c2a66e1f1c4dd3300ea21b8e732bfb1a73f707b6de?s=96&d=mm&r=g\",\"caption\":\"FIA\"},\"description\":\"Com um olhar sempre no futuro, desenvolvemos e disseminamos conhecimentos de teorias e m\u00e9todos de Administra\u00e7\u00e3o de Empresas, aperfei\u00e7oando o desempenho das institui\u00e7\u00f5es brasileiras atrav\u00e9s de tr\u00eas linhas b\u00e1sicas de atividade: Educa\u00e7\u00e3o Executiva, Pesquisa e Consultoria.\",\"url\":\"https:\/\/fia.com.br\/graduacao\/blog\/author\/fia\/\"}]}<\/script>\n<!-- \/ Yoast SEO plugin. -->","yoast_head_json":{"title":"Vantagens do Profissional Generalista no Mercado Atual","description":"Como atua um profissional generalista? Quais caracter\u00edsticas fazem parte desse tipo de perfil? \u00c9 sobre isso que falaremos no post. Confira!","robots":{"index":"index","follow":"follow","max-snippet":"max-snippet:-1","max-image-preview":"max-image-preview:large","max-video-preview":"max-video-preview:-1"},"canonical":"https:\/\/fia.com.br\/graduacao\/blog\/profissional-generalista\/","og_locale":"pt_BR","og_type":"article","og_title":"Vantagens do Profissional Generalista no Mercado Atual","og_description":"Como atua um profissional generalista? Quais caracter\u00edsticas fazem parte desse tipo de perfil? \u00c9 sobre isso que falaremos no post. Confira!","og_url":"https:\/\/fia.com.br\/graduacao\/blog\/profissional-generalista\/","og_site_name":"Gradua\u00e7\u00e3o","article_published_time":"2019-06-26T14:00:23+00:00","article_modified_time":"2025-09-17T15:36:25+00:00","og_image":[{"width":2119,"height":1414,"url":"https:\/\/fia.com.br\/graduacao\/wp-content\/uploads\/sites\/6\/2019\/06\/original-fdda419131406bdd6516857f67470ac3.jpg","type":"image\/jpeg"}],"author":"FIA","twitter_card":"summary_large_image","twitter_misc":{"Escrito por":"FIA","Est. tempo de leitura":"7 minutos"},"schema":{"@context":"https:\/\/schema.org","@graph":[{"@type":"WebPage","@id":"https:\/\/fia.com.br\/graduacao\/blog\/profissional-generalista\/","url":"https:\/\/fia.com.br\/graduacao\/blog\/profissional-generalista\/","name":"Vantagens do Profissional Generalista no Mercado Atual","isPartOf":{"@id":"https:\/\/fia.com.br\/graduacao\/#website"},"primaryImageOfPage":{"@id":"https:\/\/fia.com.br\/graduacao\/blog\/profissional-generalista\/#primaryimage"},"image":{"@id":"https:\/\/fia.com.br\/graduacao\/blog\/profissional-generalista\/#primaryimage"},"thumbnailUrl":"https:\/\/fia.com.br\/graduacao\/wp-content\/uploads\/sites\/6\/2019\/06\/original-fdda419131406bdd6516857f67470ac3.jpg","datePublished":"2019-06-26T14:00:23+00:00","dateModified":"2025-09-17T15:36:25+00:00","author":{"@id":"https:\/\/fia.com.br\/graduacao\/#\/schema\/person\/09d96b732802edb5307e35f3aca6f31b"},"description":"Como atua um profissional generalista? Quais caracter\u00edsticas fazem parte desse tipo de perfil? \u00c9 sobre isso que falaremos no post. Confira!","breadcrumb":{"@id":"https:\/\/fia.com.br\/graduacao\/blog\/profissional-generalista\/#breadcrumb"},"inLanguage":"pt-BR","potentialAction":[{"@type":"ReadAction","target":["https:\/\/fia.com.br\/graduacao\/blog\/profissional-generalista\/"]}]},{"@type":"ImageObject","inLanguage":"pt-BR","@id":"https:\/\/fia.com.br\/graduacao\/blog\/profissional-generalista\/#primaryimage","url":"https:\/\/fia.com.br\/graduacao\/wp-content\/uploads\/sites\/6\/2019\/06\/original-fdda419131406bdd6516857f67470ac3.jpg","contentUrl":"https:\/\/fia.com.br\/graduacao\/wp-content\/uploads\/sites\/6\/2019\/06\/original-fdda419131406bdd6516857f67470ac3.jpg","width":2119,"height":1414,"caption":"profissional generalista"},{"@type":"BreadcrumbList","@id":"https:\/\/fia.com.br\/graduacao\/blog\/profissional-generalista\/#breadcrumb","itemListElement":[{"@type":"ListItem","position":1,"name":"In\u00edcio","item":"https:\/\/fia.com.br\/graduacao\/"},{"@type":"ListItem","position":2,"name":"Profissional generalista: conhe\u00e7a as vantagens e diferenciais desse perfil!"}]},{"@type":"WebSite","@id":"https:\/\/fia.com.br\/graduacao\/#website","url":"https:\/\/fia.com.br\/graduacao\/","name":"FIA","description":"FIA - Funda\u00e7\u00e3o Instituto de Administra\u00e7\u00e3o","potentialAction":[{"@type":"SearchAction","target":{"@type":"EntryPoint","urlTemplate":"https:\/\/fia.com.br\/graduacao\/?s={search_term_string}"},"query-input":{"@type":"PropertyValueSpecification","valueRequired":true,"valueName":"search_term_string"}}],"inLanguage":"pt-BR"},{"@type":"Person","@id":"https:\/\/fia.com.br\/graduacao\/#\/schema\/person\/09d96b732802edb5307e35f3aca6f31b","name":"FIA","image":{"@type":"ImageObject","inLanguage":"pt-BR","@id":"https:\/\/fia.com.br\/graduacao\/#\/schema\/person\/image\/","url":"https:\/\/secure.gravatar.com\/avatar\/b51150cc482a9fcb93d232c2a66e1f1c4dd3300ea21b8e732bfb1a73f707b6de?s=96&d=mm&r=g","contentUrl":"https:\/\/secure.gravatar.com\/avatar\/b51150cc482a9fcb93d232c2a66e1f1c4dd3300ea21b8e732bfb1a73f707b6de?s=96&d=mm&r=g","caption":"FIA"},"description":"Com um olhar sempre no futuro, desenvolvemos e disseminamos conhecimentos de teorias e m\u00e9todos de Administra\u00e7\u00e3o de Empresas, aperfei\u00e7oando o desempenho das institui\u00e7\u00f5es brasileiras atrav\u00e9s de tr\u00eas linhas b\u00e1sicas de atividade: Educa\u00e7\u00e3o Executiva, Pesquisa e Consultoria.","url":"https:\/\/fia.com.br\/graduacao\/blog\/author\/fia\/"}]}},"_links":{"self":[{"href":"https:\/\/fia.com.br\/graduacao\/wp-json\/wp\/v2\/posts\/12210","targetHints":{"allow":["GET"]}}],"collection":[{"href":"https:\/\/fia.com.br\/graduacao\/wp-json\/wp\/v2\/posts"}],"about":[{"href":"https:\/\/fia.com.br\/graduacao\/wp-json\/wp\/v2\/types\/post"}],"author":[{"embeddable":true,"href":"https:\/\/fia.com.br\/graduacao\/wp-json\/wp\/v2\/users\/6"}],"replies":[{"embeddable":true,"href":"https:\/\/fia.com.br\/graduacao\/wp-json\/wp\/v2\/comments?post=12210"}],"version-history":[{"count":0,"href":"https:\/\/fia.com.br\/graduacao\/wp-json\/wp\/v2\/posts\/12210\/revisions"}],"wp:featuredmedia":[{"embeddable":true,"href":"https:\/\/fia.com.br\/graduacao\/wp-json\/wp\/v2\/media\/12211"}],"wp:attachment":[{"href":"https:\/\/fia.com.br\/graduacao\/wp-json\/wp\/v2\/media?parent=12210"}],"wp:term":[{"taxonomy":"category","embeddable":true,"href":"https:\/\/fia.com.br\/graduacao\/wp-json\/wp\/v2\/categories?post=12210"},{"taxonomy":"post_tag","embeddable":true,"href":"https:\/\/fia.com.br\/graduacao\/wp-json\/wp\/v2\/tags?post=12210"}],"curies":[{"name":"wp","href":"https:\/\/api.w.org\/{rel}","templated":true}]}}